{"id":11807,"date":"2024-06-10T20:50:08","date_gmt":"2024-06-10T18:50:08","guid":{"rendered":"https:\/\/www.neuillysurmarne.fr\/?p=11807"},"modified":"2024-07-04T20:53:18","modified_gmt":"2024-07-04T18:53:18","slug":"renovation-du-carrefour-a-feux-du-pont-des-trois-communes","status":"publish","type":"post","link":"https:\/\/www.neuillysurmarne.fr\/ar\/renovation-du-carrefour-a-feux-du-pont-des-trois-communes\/","title":{"rendered":"\u062a\u062c\u062f\u064a\u062f \u062a\u0642\u0627\u0637\u0639 \u0625\u0634\u0627\u0631\u0627\u062a \u0627\u0644\u0645\u0631\u0648\u0631 \u0627\u0644\u0636\u0648\u0626\u064a\u0629 \u0641\u064a \u0628\u0648\u0646\u062a \u062f\u064a \u062a\u0631\u0648\u0627 \u0643\u0648\u0645\u064a\u0648\u0646"},"content":{"rendered":"<p><strong>\u0645\u0646\u0630 3 \u064a\u0648\u0646\u064a\u0648\u060c \u062a\u0642\u0648\u0645 \u0625\u062f\u0627\u0631\u0629 \u0645\u0642\u0627\u0637\u0639\u0629 \u0633\u064a\u0646 \u0633\u0627\u0646 \u062f\u0648\u0646\u064a \u0648\u0628\u0644\u062f\u0629 \u0646\u0648\u064a\u064a-\u0633\u0648\u0631-\u0645\u0627\u0631\u0646 \u0628\u0623\u0639\u0645\u0627\u0644 \u0643\u0628\u064a\u0631\u0629 \u0641\u064a \u062a\u0642\u0627\u0637\u0639 \u0625\u0634\u0627\u0631\u0627\u062a \u0627\u0644\u0645\u0631\u0648\u0631 \u0627\u0644\u0636\u0648\u0626\u064a\u0629 \u0641\u064a \u0628\u0648\u0646\u062a \u062f\u064a \u062a\u0631\u0648\u0627 \u0643\u0648\u0645\u064a\u0648\u0646. \u0633\u062a\u0633\u062a\u0645\u0631 \u0627\u0644\u0623\u0639\u0645\u0627\u0644 \u062d\u0648\u0627\u0644\u064a \u0634\u0647\u0631\u064a\u0646\u060c \u0644\u062a\u062d\u0633\u064a\u0646 \u0627\u0644\u0633\u0644\u0627\u0645\u0629 \u0644\u0645\u0633\u062a\u062e\u062f\u0645\u064a \u0627\u0644\u0637\u0631\u064a\u0642.\u00a0<\/strong><\/p>\n<p>\u064a\u062a\u0645\u062b\u0644 \u0627\u0644\u063a\u0631\u0636 \u0645\u0646 \u062a\u062c\u0647\u064a\u0632 \u062a\u0642\u0627\u0637\u0639 \u0637\u0631\u0642 \u0628\u0625\u0634\u0627\u0631\u0629 \u0636\u0648\u0626\u064a\u0629 \u0645\u0631\u0648\u0631\u064a\u0629 \u0636\u0648\u0626\u064a\u0629 \u0641\u064a \u0627\u0644\u0642\u0636\u0627\u0621 \u0639\u0644\u0649 \u0628\u0639\u0636 \u0627\u0644\u062a\u0639\u0627\u0631\u0636\u0627\u062a \u0627\u0644\u0645\u0631\u0648\u0631\u064a\u0629 \u0628\u064a\u0646 \u0627\u0644\u0645\u0633\u062a\u062e\u062f\u0645\u064a\u0646. \u062a\u062a\u0637\u0644\u0628 \u0625\u062f\u0627\u0631\u0629 \u0647\u0630\u0627 \u0627\u0644\u062a\u0639\u0627\u0631\u0636 \u0627\u0644\u0627\u0645\u062a\u062b\u0627\u0644 \u0644\u0639\u062f\u062f \u0645\u0646 \u0642\u0648\u0627\u0639\u062f \u0627\u0644\u062a\u0635\u0645\u064a\u0645 \u0648\u0627\u0644\u0623\u0628\u0639\u0627\u062f.<\/p>\n<p>???? \u062a\u0642\u0648\u0645 \u0645\u0642\u0627\u0637\u0639\u0629 \u0633\u064a\u0646 \u0633\u0627\u0646 \u062f\u0648\u0646\u064a \u0628\u062a\u0645\u0648\u064a\u0644 \u062a\u062c\u062f\u064a\u062f \u062a\u0642\u0627\u0637\u0639 \u0628\u0648\u0646\u062a \u062f\u064a \u062a\u0631\u0648\u0627 \u0643\u0648\u0645\u064a\u0648\u0646 \u0645\u0646 \u062e\u0644\u0627\u0644 <strong>\u0623\u0631\u0628\u0639 \u0645\u0631\u0627\u062d\u0644<\/strong>. \u0627\u0644\u0623\u0647\u062f\u0627\u0641 : <strong>\u062a\u062c\u062f\u064a\u062f \u0645\u0639\u062f\u0627\u062a \u0625\u0634\u0627\u0631\u0627\u062a \u0627\u0644\u0645\u0631\u0648\u0631 \u0627\u0644\u0636\u0648\u0626\u064a\u0629<\/strong> \u0648 <strong>\u062c\u0639\u0644 \u0645\u0639\u0627\u0628\u0631 \u0627\u0644\u0645\u0634\u0627\u0629 \u0623\u0643\u062b\u0631 \u0623\u0645\u0627\u0646\u0627\u064b<\/strong>.<\/p>\n<h3><strong>\u00a0\u0645\u0646 3 \u0625\u0644\u0649 14 \u064a\u0648\u0646\u064a\u0648: \u062a\u0642\u0644\u064a\u0644 \u0627\u0644\u062d\u0627\u0631\u0627\u062a \u0627\u0644\u0645\u0631\u0648\u0631\u064a\u0629 \u0627\u0644\u0645\u062a\u062c\u0647\u0629 \u0634\u0631\u0642\u0627\u064b\u00a0<\/strong><\/h3>\n<ul>\n<li>\u0633\u064a\u062a\u0645 \u0647\u062f\u0645 \u0627\u0644\u0643\u062a\u0644 \u0630\u0627\u062a \u0627\u0644\u0623\u0641\u0648\u0627\u0647 \u0641\u064a \u0634\u0627\u0631\u0639 \u0631\u0648\u0628\u0631\u062a \u0634\u0648\u0645\u0627\u0646.<\/li>\n<li>\u0628\u062f\u0644\u0627\u064b \u0645\u0646 \u0627\u0644\u062d\u0627\u0631\u0627\u062a \u0627\u0644\u062b\u0644\u0627\u062b \u0627\u0644\u0623\u0635\u0644\u064a\u0629\u060c \u0633\u064a\u062a\u0645 \u062a\u0642\u0644\u064a\u0644 \u062d\u0631\u0643\u0629 \u0627\u0644\u0645\u0631\u0648\u0631 \u0625\u0644\u0649 \u062d\u0627\u0631\u0629 \u0648\u0627\u062d\u062f\u0629 \u0641\u064a \u0643\u0644 \u0627\u062a\u062c\u0627\u0647.<\/li>\n<li>\u0633\u064a\u062a\u0645 \u0627\u0644\u0625\u0628\u0642\u0627\u0621 \u0639\u0644\u0649 \u062d\u0631\u0643\u0629 \u0627\u0644\u0645\u0631\u0648\u0631 \u0641\u064a \u0643\u0644\u0627 \u0627\u0644\u0627\u062a\u062c\u0627\u0647\u064a\u0646\u060c \u0645\u0639 \u0648\u062c\u0648\u062f \u0636\u063a\u0637 \u0641\u064a \u0627\u0644\u0627\u062a\u062c\u0627\u0647\u064a\u0646 \u0627\u0644\u062c\u0646\u0648\u0628\u064a \u0627\u0644\u0634\u0631\u0642\u064a \u0648\u0627\u0644\u062c\u0646\u0648\u0628\u064a \u0627\u0644\u0634\u0645\u0627\u0644\u064a\u060c \u0648\u0627\u0644\u0647\u062f\u0641 \u0645\u0646 \u0630\u0644\u0643 \u0647\u0648 \u062a\u062c\u0646\u0628 \u062a\u0648\u0642\u0641 \u062d\u0631\u0643\u0629 \u0627\u0644\u0645\u0631\u0648\u0631.<\/li>\n<\/ul>\n<h3><strong>\u00a0\u0645\u0646 17 \u0625\u0644\u0649 28 \u064a\u0648\u0646\u064a\u0648: \u062a\u062c\u062f\u064a\u062f \u0627\u0644\u0643\u0627\u0628\u0644\u0627\u062a \u0639\u0644\u0649 \u0627\u0644\u062c\u0627\u0646\u0628 \u0627\u0644\u063a\u0631\u0628\u064a\u00a0<\/strong><\/h3>\n<ul>\n<li>\u0633\u064a\u062a\u0645 \u062a\u062c\u062f\u064a\u062f \u0643\u0627\u0628\u0644\u0627\u062a \u0625\u0634\u0627\u0631\u0627\u062a \u0627\u0644\u0645\u0631\u0648\u0631 \u0627\u0644\u0636\u0648\u0626\u064a\u0629 \u0648\u0633\u062d\u0628\u0647\u0627 \u062b\u0645 \u062f\u0641\u0646\u0647\u0627 \u0639\u0644\u0649 \u0627\u0644\u062c\u0627\u0646\u0628 \u0627\u0644\u063a\u0631\u0628\u064a \u0645\u0646 \u0627\u0644\u062a\u0642\u0627\u0637\u0639.<\/li>\n<li>\u0628\u062f\u0644\u0627\u064b \u0645\u0646 \u0627\u0644\u062d\u0627\u0631\u0627\u062a \u0627\u0644\u062b\u0644\u0627\u062b \u0627\u0644\u0623\u0635\u0644\u064a\u0629\u060c \u0633\u064a\u062a\u0645 \u062a\u0642\u0644\u064a\u0644 \u062d\u0631\u0643\u0629 \u0627\u0644\u0645\u0631\u0648\u0631 \u0625\u0644\u0649 \u062d\u0627\u0631\u0629 \u0648\u0627\u062d\u062f\u0629 \u0641\u064a \u0643\u0644 \u0627\u062a\u062c\u0627\u0647.<\/li>\n<li>\u0633\u064a\u062a\u0645 \u062a\u0628\u062f\u064a\u0644 \u062d\u0631\u0643\u0629 \u0627\u0644\u0645\u0631\u0648\u0631 \u0625\u0644\u0649 \u0627\u0644\u062c\u0646\u0648\u0628 \u0645\u0646 \u0634\u0627\u0631\u0639 \u0631\u0648\u0628\u0631\u062a \u0634\u0648\u0645\u0627\u0646 \u0644\u0625\u0646\u0634\u0627\u0621 \u0645\u0639\u0628\u0631 \u0644\u0644\u0645\u0634\u0627\u0629.<\/li>\n<\/ul>\n<h3><strong>\u00a0\u0645\u0646 1 \u0625\u0644\u0649 5 \u064a\u0648\u0644\u064a\u0648: \u062a\u062c\u062f\u064a\u062f \u0645\u0639\u0627\u0628\u0631 \u0627\u0644\u0645\u0634\u0627\u0629\u00a0<\/strong><\/h3>\n<ul>\n<li>\u0633\u064a\u062a\u0645 \u062a\u062c\u062f\u064a\u062f \u0645\u0639\u0627\u0628\u0631 \u0627\u0644\u0645\u0634\u0627\u0629 \u0639\u0646\u062f \u0627\u0644\u062a\u0642\u0627\u0637\u0639 \u0648\u062f\u0641\u0646 \u0627\u0644\u0643\u0627\u0628\u0644\u0627\u062a \u0627\u0644\u0645\u062a\u0628\u0642\u064a\u0629.<\/li>\n<li>\u0628\u062f\u0644\u0627\u064b \u0645\u0646 \u0627\u0644\u062d\u0627\u0631\u062a\u064a\u0646 \u0627\u0644\u0623\u0635\u0644\u064a\u062a\u064a\u0646\u060c \u0633\u064a\u062a\u0645 \u062a\u0642\u0644\u064a\u0644 \u062d\u0631\u0643\u0629 \u0627\u0644\u0645\u0631\u0648\u0631 \u0625\u0644\u0649 \u062d\u0627\u0631\u0629 \u0648\u0627\u062d\u062f\u0629.<\/li>\n<li>\u0633\u062a\u0633\u062a\u0645\u0631 \u062d\u0631\u0643\u0629 \u0627\u0644\u0645\u0631\u0648\u0631 \u0639\u0644\u0649 \u0627\u0644\u0645\u062d\u0648\u0631 \u0627\u0644\u063a\u0631\u0628\u064a \u0627\u0644\u0634\u0645\u0627\u0644\u064a \u0628\u0627\u0644\u062a\u0646\u0627\u0648\u0628. \u0633\u062a\u062d\u0627\u0641\u0638 \u0623\u0639\u0645\u0627\u0644 \u0646\u0635\u0641 \u0627\u0644\u062d\u0627\u0631\u0629 \u0647\u0630\u0647 \u0639\u0644\u0649 \u0627\u0633\u062a\u0645\u0631\u0627\u0631 \u062d\u0631\u0643\u0629 \u0627\u0644\u0645\u0631\u0648\u0631 \u0641\u064a \u0627\u0644\u062d\u064a.<\/li>\n<\/ul>\n<h3><strong>\u00a0\u064a\u0648\u0644\u064a\u0648: \u062a\u0631\u0643\u064a\u0628 \u0627\u0644\u0623\u0644\u064a\u0627\u0641\u00a0<\/strong><\/h3>\n<ul>\n<li>\u0637\u0648\u0627\u0644 \u0634\u0647\u0631 \u064a\u0648\u0644\u064a\u0648\u060c \u0633\u062a\u0642\u0648\u0645 \u0641\u0631\u0642 \u0627\u0644\u0645\u0648\u0642\u0639 \u0628\u062a\u0645\u062f\u064a\u062f \u0643\u0627\u0628\u0644 \u0627\u0644\u0623\u0644\u064a\u0627\u0641 \u0627\u0644\u0636\u0648\u0626\u064a\u0629.<\/li>\n<li>\u0633\u064a\u062a\u0645 \u062a\u0631\u0643\u064a\u0628 \u0635\u0648\u0627\u0631\u064a \u0625\u0634\u0627\u0631\u0627\u062a \u0645\u0631\u0648\u0631 \u062c\u062f\u064a\u062f\u0629 \u0639\u0646\u062f \u0627\u0644\u062a\u0642\u0627\u0637\u0639.<\/li>\n<li>\u0644\u0646 \u062a\u062a\u0623\u062b\u0631 \u0627\u0633\u062a\u0645\u0631\u0627\u0631\u064a\u0629 \u062a\u062f\u0641\u0642 \u062d\u0631\u0643\u0629 \u0627\u0644\u0645\u0631\u0648\u0631 \u0628\u0647\u0630\u0647 \u0627\u0644\u062a\u063a\u064a\u064a\u0631\u0627\u062a \u0641\u064a \u0634\u0647\u0631 \u064a\u0648\u0644\u064a\u0648.<\/li>\n<\/ul>\n<p><strong>????<\/strong><strong> \u0645\u0646 \u0627\u0644\u0645\u0642\u0631\u0631 \u0623\u0646 \u062a\u062f\u062e\u0644 \u0645\u0639\u062f\u0627\u062a \u0627\u0644\u0625\u0634\u0627\u0631\u0627\u062a \u0627\u0644\u0636\u0648\u0626\u064a\u0629 \u0627\u0644\u062e\u062f\u0645\u0629 \u0641\u064a 1 \u0623\u063a\u0633\u0637\u0633 \u0639\u0644\u0649 \u0623\u0642\u0635\u0649 \u062a\u0642\u062f\u064a\u0631.<\/strong><\/p>","protected":false},"excerpt":{"rendered":"<p>Depuis le 3 juin, le D\u00e9partement de la Seine-Saint-Denis et la ville de Neuilly-sur-Marne ont engag\u00e9 d\u2019importants travaux au niveau du carrefour \u00e0 feux du Pont des Trois communes. Le chantier va durer environ deux mois, pour offrir davantage de s\u00e9curit\u00e9 aux usagers.\u00a0 L\u2019\u00e9quipement d\u2019un carrefour avec une signalisation lumineuse tricolore a pour objectif de [&hellip;]<\/p>\n","protected":false},"author":2,"featured_media":11808,"comment_status":"closed","ping_status":"closed","sticky":false,"template":"","format":"standard","meta":{"_acf_changed":false,"footnotes":""},"categories":[242],"tags":[],"class_list":["post-11807","post","type-post","status-publish","format-standard","has-post-thumbnail","hentry","category-actualite"],"acf":[],"yoast_head":"<!-- This site is optimized with the Yoast SEO plugin v27.4 - https:\/\/yoast.com\/product\/yoast-seo-wordpress\/ -->\n<title>R\u00e9novation du carrefour \u00e0 feux du Pont des Trois communes - Mairie de Neuilly-sur-Marne<\/title>\n<meta name=\"robots\" content=\"index, follow, max-snippet:-1, max-image-preview:large, max-video-preview:-1\" \/>\n<link rel=\"canonical\" href=\"https:\/\/www.neuillysurmarne.fr\/ar\/renovation-du-carrefour-a-feux-du-pont-des-trois-communes\/\" \/>\n<meta property=\"og:locale\" content=\"ar_AR\" \/>\n<meta property=\"og:type\" content=\"article\" \/>\n<meta property=\"og:title\" content=\"R\u00e9novation du carrefour \u00e0 feux du Pont des Trois communes - Mairie de Neuilly-sur-Marne\" \/>\n<meta property=\"og:description\" content=\"Depuis le 3 juin, le D\u00e9partement de la Seine-Saint-Denis et la ville de Neuilly-sur-Marne ont engag\u00e9 d\u2019importants travaux au niveau du carrefour \u00e0 feux du Pont des Trois communes. Le chantier va durer environ deux mois, pour offrir davantage de s\u00e9curit\u00e9 aux usagers.\u00a0 L\u2019\u00e9quipement d\u2019un carrefour avec une signalisation lumineuse tricolore a pour objectif de [&hellip;]\" \/>\n<meta property=\"og:url\" content=\"https:\/\/www.neuillysurmarne.fr\/ar\/renovation-du-carrefour-a-feux-du-pont-des-trois-communes\/\" \/>\n<meta property=\"og:site_name\" content=\"Mairie de Neuilly-sur-Marne\" \/>\n<meta property=\"article:publisher\" content=\"https:\/\/www.facebook.com\/ville.neuilly\" \/>\n<meta property=\"article:published_time\" content=\"2024-06-10T18:50:08+00:00\" \/>\n<meta property=\"article:modified_time\" content=\"2024-07-04T18:53:18+00:00\" \/>\n<meta property=\"og:image\" content=\"https:\/\/www.neuillysurmarne.fr\/wp-content\/uploads\/2024\/07\/Visite-M.Troussel-SSD-12.2022-19-scaled.jpg\" \/>\n\t<meta property=\"og:image:width\" content=\"2560\" \/>\n\t<meta property=\"og:image:height\" content=\"1707\" \/>\n\t<meta property=\"og:image:type\" content=\"image\/jpeg\" \/>\n<meta name=\"author\" content=\"Laurie\" \/>\n<meta name=\"twitter:card\" content=\"summary_large_image\" \/>\n<meta name=\"twitter:label1\" content=\"\u0643\u064f\u062a\u0628 \u0628\u0648\u0627\u0633\u0637\u0629\" \/>\n\t<meta name=\"twitter:data1\" content=\"Laurie\" \/>\n\t<meta name=\"twitter:label2\" content=\"\u0648\u0642\u062a \u0627\u0644\u0642\u0631\u0627\u0621\u0629 \u0627\u0644\u0645\u064f\u0642\u062f\u0651\u0631\" \/>\n\t<meta name=\"twitter:data2\" content=\"3 \u062f\u0642\u0627\u0626\u0642\" \/>\n<script type=\"application\/ld+json\" class=\"yoast-schema-graph\">{\"@context\":\"https:\\\/\\\/schema.org\",\"@graph\":[{\"@type\":\"Article\",\"@id\":\"https:\\\/\\\/www.neuillysurmarne.fr\\\/renovation-du-carrefour-a-feux-du-pont-des-trois-communes\\\/#article\",\"isPartOf\":{\"@id\":\"https:\\\/\\\/www.neuillysurmarne.fr\\\/renovation-du-carrefour-a-feux-du-pont-des-trois-communes\\\/\"},\"author\":{\"name\":\"Laurie\",\"@id\":\"https:\\\/\\\/www.neuillysurmarne.fr\\\/es\\\/#\\\/schema\\\/person\\\/fc97a7b233f3533476c0f151a054a9d1\"},\"headline\":\"R\u00e9novation du carrefour \u00e0 feux du Pont des Trois communes\",\"datePublished\":\"2024-06-10T18:50:08+00:00\",\"dateModified\":\"2024-07-04T18:53:18+00:00\",\"mainEntityOfPage\":{\"@id\":\"https:\\\/\\\/www.neuillysurmarne.fr\\\/renovation-du-carrefour-a-feux-du-pont-des-trois-communes\\\/\"},\"wordCount\":412,\"publisher\":{\"@id\":\"https:\\\/\\\/www.neuillysurmarne.fr\\\/es\\\/#organization\"},\"image\":{\"@id\":\"https:\\\/\\\/www.neuillysurmarne.fr\\\/renovation-du-carrefour-a-feux-du-pont-des-trois-communes\\\/#primaryimage\"},\"thumbnailUrl\":\"https:\\\/\\\/www.neuillysurmarne.fr\\\/wp-content\\\/uploads\\\/2024\\\/07\\\/Visite-M.Troussel-SSD-12.2022-19-scaled.jpg\",\"articleSection\":[\"Actualit\u00e9\"],\"inLanguage\":\"ar\"},{\"@type\":\"WebPage\",\"@id\":\"https:\\\/\\\/www.neuillysurmarne.fr\\\/renovation-du-carrefour-a-feux-du-pont-des-trois-communes\\\/\",\"url\":\"https:\\\/\\\/www.neuillysurmarne.fr\\\/renovation-du-carrefour-a-feux-du-pont-des-trois-communes\\\/\",\"name\":\"R\u00e9novation du carrefour \u00e0 feux du Pont des Trois communes - Mairie de Neuilly-sur-Marne\",\"isPartOf\":{\"@id\":\"https:\\\/\\\/www.neuillysurmarne.fr\\\/es\\\/#website\"},\"primaryImageOfPage\":{\"@id\":\"https:\\\/\\\/www.neuillysurmarne.fr\\\/renovation-du-carrefour-a-feux-du-pont-des-trois-communes\\\/#primaryimage\"},\"image\":{\"@id\":\"https:\\\/\\\/www.neuillysurmarne.fr\\\/renovation-du-carrefour-a-feux-du-pont-des-trois-communes\\\/#primaryimage\"},\"thumbnailUrl\":\"https:\\\/\\\/www.neuillysurmarne.fr\\\/wp-content\\\/uploads\\\/2024\\\/07\\\/Visite-M.Troussel-SSD-12.2022-19-scaled.jpg\",\"datePublished\":\"2024-06-10T18:50:08+00:00\",\"dateModified\":\"2024-07-04T18:53:18+00:00\",\"breadcrumb\":{\"@id\":\"https:\\\/\\\/www.neuillysurmarne.fr\\\/renovation-du-carrefour-a-feux-du-pont-des-trois-communes\\\/#breadcrumb\"},\"inLanguage\":\"ar\",\"potentialAction\":[{\"@type\":\"ReadAction\",\"target\":[\"https:\\\/\\\/www.neuillysurmarne.fr\\\/renovation-du-carrefour-a-feux-du-pont-des-trois-communes\\\/\"]}]},{\"@type\":\"ImageObject\",\"inLanguage\":\"ar\",\"@id\":\"https:\\\/\\\/www.neuillysurmarne.fr\\\/renovation-du-carrefour-a-feux-du-pont-des-trois-communes\\\/#primaryimage\",\"url\":\"https:\\\/\\\/www.neuillysurmarne.fr\\\/wp-content\\\/uploads\\\/2024\\\/07\\\/Visite-M.Troussel-SSD-12.2022-19-scaled.jpg\",\"contentUrl\":\"https:\\\/\\\/www.neuillysurmarne.fr\\\/wp-content\\\/uploads\\\/2024\\\/07\\\/Visite-M.Troussel-SSD-12.2022-19-scaled.jpg\",\"width\":2560,\"height\":1707},{\"@type\":\"BreadcrumbList\",\"@id\":\"https:\\\/\\\/www.neuillysurmarne.fr\\\/renovation-du-carrefour-a-feux-du-pont-des-trois-communes\\\/#breadcrumb\",\"itemListElement\":[{\"@type\":\"ListItem\",\"position\":1,\"name\":\"Accueil\",\"item\":\"https:\\\/\\\/www.neuillysurmarne.fr\\\/\"},{\"@type\":\"ListItem\",\"position\":2,\"name\":\"R\u00e9novation du carrefour \u00e0 feux du Pont des Trois communes\"}]},{\"@type\":\"WebSite\",\"@id\":\"https:\\\/\\\/www.neuillysurmarne.fr\\\/es\\\/#website\",\"url\":\"https:\\\/\\\/www.neuillysurmarne.fr\\\/es\\\/\",\"name\":\"Mairie de Neuilly-sur-Marne\",\"description\":\"BETA\",\"publisher\":{\"@id\":\"https:\\\/\\\/www.neuillysurmarne.fr\\\/es\\\/#organization\"},\"potentialAction\":[{\"@type\":\"SearchAction\",\"target\":{\"@type\":\"EntryPoint\",\"urlTemplate\":\"https:\\\/\\\/www.neuillysurmarne.fr\\\/es\\\/?s={search_term_string}\"},\"query-input\":{\"@type\":\"PropertyValueSpecification\",\"valueRequired\":true,\"valueName\":\"search_term_string\"}}],\"inLanguage\":\"ar\"},{\"@type\":\"Organization\",\"@id\":\"https:\\\/\\\/www.neuillysurmarne.fr\\\/es\\\/#organization\",\"name\":\"Mairie de Neuilly-sur-Marne\",\"url\":\"https:\\\/\\\/www.neuillysurmarne.fr\\\/es\\\/\",\"logo\":{\"@type\":\"ImageObject\",\"inLanguage\":\"ar\",\"@id\":\"https:\\\/\\\/www.neuillysurmarne.fr\\\/es\\\/#\\\/schema\\\/logo\\\/image\\\/\",\"url\":\"https:\\\/\\\/www.neuillysurmarne.fr\\\/wp-content\\\/uploads\\\/2023\\\/10\\\/LOGO-NeuillysurMarne-blanc.png\",\"contentUrl\":\"https:\\\/\\\/www.neuillysurmarne.fr\\\/wp-content\\\/uploads\\\/2023\\\/10\\\/LOGO-NeuillysurMarne-blanc.png\",\"width\":3308,\"height\":2586,\"caption\":\"Mairie de Neuilly-sur-Marne\"},\"image\":{\"@id\":\"https:\\\/\\\/www.neuillysurmarne.fr\\\/es\\\/#\\\/schema\\\/logo\\\/image\\\/\"},\"sameAs\":[\"https:\\\/\\\/www.facebook.com\\\/ville.neuilly\",\"https:\\\/\\\/www.instagram.com\\\/neuilly_marne\\\/\",\"https:\\\/\\\/www.linkedin.com\\\/company\\\/ville-de-neuilly-sur-marne\\\/\",\"https:\\\/\\\/www.youtube.com\\\/channel\\\/UCDdZ0TLrV8rfIqjBGvoeB5A\",\"https:\\\/\\\/www.tiktok.com\\\/@villedeneuillysurmarne\"]},{\"@type\":\"Person\",\"@id\":\"https:\\\/\\\/www.neuillysurmarne.fr\\\/es\\\/#\\\/schema\\\/person\\\/fc97a7b233f3533476c0f151a054a9d1\",\"name\":\"Laurie\",\"image\":{\"@type\":\"ImageObject\",\"inLanguage\":\"ar\",\"@id\":\"https:\\\/\\\/secure.gravatar.com\\\/avatar\\\/aed93f491b5b494ae0db0f36fde403661e12c84c81b737368b3df13d30768a94?s=96&d=mm&r=g\",\"url\":\"https:\\\/\\\/secure.gravatar.com\\\/avatar\\\/aed93f491b5b494ae0db0f36fde403661e12c84c81b737368b3df13d30768a94?s=96&d=mm&r=g\",\"contentUrl\":\"https:\\\/\\\/secure.gravatar.com\\\/avatar\\\/aed93f491b5b494ae0db0f36fde403661e12c84c81b737368b3df13d30768a94?s=96&d=mm&r=g\",\"caption\":\"Laurie\"},\"url\":\"https:\\\/\\\/www.neuillysurmarne.fr\\\/ar\\\/author\\\/laurie\\\/\"}]}<\/script>\n<!-- \/ Yoast SEO plugin. -->","yoast_head_json":{"title":"R\u00e9novation du carrefour \u00e0 feux du Pont des Trois communes - Mairie de Neuilly-sur-Marne","robots":{"index":"index","follow":"follow","max-snippet":"max-snippet:-1","max-image-preview":"max-image-preview:large","max-video-preview":"max-video-preview:-1"},"canonical":"https:\/\/www.neuillysurmarne.fr\/ar\/renovation-du-carrefour-a-feux-du-pont-des-trois-communes\/","og_locale":"ar_AR","og_type":"article","og_title":"R\u00e9novation du carrefour \u00e0 feux du Pont des Trois communes - Mairie de Neuilly-sur-Marne","og_description":"Depuis le 3 juin, le D\u00e9partement de la Seine-Saint-Denis et la ville de Neuilly-sur-Marne ont engag\u00e9 d\u2019importants travaux au niveau du carrefour \u00e0 feux du Pont des Trois communes. Le chantier va durer environ deux mois, pour offrir davantage de s\u00e9curit\u00e9 aux usagers.\u00a0 L\u2019\u00e9quipement d\u2019un carrefour avec une signalisation lumineuse tricolore a pour objectif de [&hellip;]","og_url":"https:\/\/www.neuillysurmarne.fr\/ar\/renovation-du-carrefour-a-feux-du-pont-des-trois-communes\/","og_site_name":"Mairie de Neuilly-sur-Marne","article_publisher":"https:\/\/www.facebook.com\/ville.neuilly","article_published_time":"2024-06-10T18:50:08+00:00","article_modified_time":"2024-07-04T18:53:18+00:00","og_image":[{"width":2560,"height":1707,"url":"https:\/\/www.neuillysurmarne.fr\/wp-content\/uploads\/2024\/07\/Visite-M.Troussel-SSD-12.2022-19-scaled.jpg","type":"image\/jpeg"}],"author":"Laurie","twitter_card":"summary_large_image","twitter_misc":{"\u0643\u064f\u062a\u0628 \u0628\u0648\u0627\u0633\u0637\u0629":"Laurie","\u0648\u0642\u062a \u0627\u0644\u0642\u0631\u0627\u0621\u0629 \u0627\u0644\u0645\u064f\u0642\u062f\u0651\u0631":"3 \u062f\u0642\u0627\u0626\u0642"},"schema":{"@context":"https:\/\/schema.org","@graph":[{"@type":"Article","@id":"https:\/\/www.neuillysurmarne.fr\/renovation-du-carrefour-a-feux-du-pont-des-trois-communes\/#article","isPartOf":{"@id":"https:\/\/www.neuillysurmarne.fr\/renovation-du-carrefour-a-feux-du-pont-des-trois-communes\/"},"author":{"name":"Laurie","@id":"https:\/\/www.neuillysurmarne.fr\/es\/#\/schema\/person\/fc97a7b233f3533476c0f151a054a9d1"},"headline":"R\u00e9novation du carrefour \u00e0 feux du Pont des Trois communes","datePublished":"2024-06-10T18:50:08+00:00","dateModified":"2024-07-04T18:53:18+00:00","mainEntityOfPage":{"@id":"https:\/\/www.neuillysurmarne.fr\/renovation-du-carrefour-a-feux-du-pont-des-trois-communes\/"},"wordCount":412,"publisher":{"@id":"https:\/\/www.neuillysurmarne.fr\/es\/#organization"},"image":{"@id":"https:\/\/www.neuillysurmarne.fr\/renovation-du-carrefour-a-feux-du-pont-des-trois-communes\/#primaryimage"},"thumbnailUrl":"https:\/\/www.neuillysurmarne.fr\/wp-content\/uploads\/2024\/07\/Visite-M.Troussel-SSD-12.2022-19-scaled.jpg","articleSection":["Actualit\u00e9"],"inLanguage":"ar"},{"@type":"WebPage","@id":"https:\/\/www.neuillysurmarne.fr\/renovation-du-carrefour-a-feux-du-pont-des-trois-communes\/","url":"https:\/\/www.neuillysurmarne.fr\/renovation-du-carrefour-a-feux-du-pont-des-trois-communes\/","name":"R\u00e9novation du carrefour \u00e0 feux du Pont des Trois communes - Mairie de Neuilly-sur-Marne","isPartOf":{"@id":"https:\/\/www.neuillysurmarne.fr\/es\/#website"},"primaryImageOfPage":{"@id":"https:\/\/www.neuillysurmarne.fr\/renovation-du-carrefour-a-feux-du-pont-des-trois-communes\/#primaryimage"},"image":{"@id":"https:\/\/www.neuillysurmarne.fr\/renovation-du-carrefour-a-feux-du-pont-des-trois-communes\/#primaryimage"},"thumbnailUrl":"https:\/\/www.neuillysurmarne.fr\/wp-content\/uploads\/2024\/07\/Visite-M.Troussel-SSD-12.2022-19-scaled.jpg","datePublished":"2024-06-10T18:50:08+00:00","dateModified":"2024-07-04T18:53:18+00:00","breadcrumb":{"@id":"https:\/\/www.neuillysurmarne.fr\/renovation-du-carrefour-a-feux-du-pont-des-trois-communes\/#breadcrumb"},"inLanguage":"ar","potentialAction":[{"@type":"ReadAction","target":["https:\/\/www.neuillysurmarne.fr\/renovation-du-carrefour-a-feux-du-pont-des-trois-communes\/"]}]},{"@type":"ImageObject","inLanguage":"ar","@id":"https:\/\/www.neuillysurmarne.fr\/renovation-du-carrefour-a-feux-du-pont-des-trois-communes\/#primaryimage","url":"https:\/\/www.neuillysurmarne.fr\/wp-content\/uploads\/2024\/07\/Visite-M.Troussel-SSD-12.2022-19-scaled.jpg","contentUrl":"https:\/\/www.neuillysurmarne.fr\/wp-content\/uploads\/2024\/07\/Visite-M.Troussel-SSD-12.2022-19-scaled.jpg","width":2560,"height":1707},{"@type":"BreadcrumbList","@id":"https:\/\/www.neuillysurmarne.fr\/renovation-du-carrefour-a-feux-du-pont-des-trois-communes\/#breadcrumb","itemListElement":[{"@type":"ListItem","position":1,"name":"Accueil","item":"https:\/\/www.neuillysurmarne.fr\/"},{"@type":"ListItem","position":2,"name":"R\u00e9novation du carrefour \u00e0 feux du Pont des Trois communes"}]},{"@type":"WebSite","@id":"https:\/\/www.neuillysurmarne.fr\/es\/#website","url":"https:\/\/www.neuillysurmarne.fr\/es\/","name":"\u062f\u0627\u0631 \u0628\u0644\u062f\u064a\u0629 \u0646\u0648\u064a\u064a-\u0633\u0648\u0631-\u0645\u0627\u0631\u0646","description":"\u0628\u064a\u062a\u0627","publisher":{"@id":"https:\/\/www.neuillysurmarne.fr\/es\/#organization"},"potentialAction":[{"@type":"SearchAction","target":{"@type":"EntryPoint","urlTemplate":"https:\/\/www.neuillysurmarne.fr\/es\/?s={search_term_string}"},"query-input":{"@type":"PropertyValueSpecification","valueRequired":true,"valueName":"search_term_string"}}],"inLanguage":"ar"},{"@type":"Organization","@id":"https:\/\/www.neuillysurmarne.fr\/es\/#organization","name":"\u062f\u0627\u0631 \u0628\u0644\u062f\u064a\u0629 \u0646\u0648\u064a\u064a-\u0633\u0648\u0631-\u0645\u0627\u0631\u0646","url":"https:\/\/www.neuillysurmarne.fr\/es\/","logo":{"@type":"ImageObject","inLanguage":"ar","@id":"https:\/\/www.neuillysurmarne.fr\/es\/#\/schema\/logo\/image\/","url":"https:\/\/www.neuillysurmarne.fr\/wp-content\/uploads\/2023\/10\/LOGO-NeuillysurMarne-blanc.png","contentUrl":"https:\/\/www.neuillysurmarne.fr\/wp-content\/uploads\/2023\/10\/LOGO-NeuillysurMarne-blanc.png","width":3308,"height":2586,"caption":"Mairie de Neuilly-sur-Marne"},"image":{"@id":"https:\/\/www.neuillysurmarne.fr\/es\/#\/schema\/logo\/image\/"},"sameAs":["https:\/\/www.facebook.com\/ville.neuilly","https:\/\/www.instagram.com\/neuilly_marne\/","https:\/\/www.linkedin.com\/company\/ville-de-neuilly-sur-marne\/","https:\/\/www.youtube.com\/channel\/UCDdZ0TLrV8rfIqjBGvoeB5A","https:\/\/www.tiktok.com\/@villedeneuillysurmarne"]},{"@type":"Person","@id":"https:\/\/www.neuillysurmarne.fr\/es\/#\/schema\/person\/fc97a7b233f3533476c0f151a054a9d1","name":"Laurie","image":{"@type":"ImageObject","inLanguage":"ar","@id":"https:\/\/secure.gravatar.com\/avatar\/aed93f491b5b494ae0db0f36fde403661e12c84c81b737368b3df13d30768a94?s=96&d=mm&r=g","url":"https:\/\/secure.gravatar.com\/avatar\/aed93f491b5b494ae0db0f36fde403661e12c84c81b737368b3df13d30768a94?s=96&d=mm&r=g","contentUrl":"https:\/\/secure.gravatar.com\/avatar\/aed93f491b5b494ae0db0f36fde403661e12c84c81b737368b3df13d30768a94?s=96&d=mm&r=g","caption":"Laurie"},"url":"https:\/\/www.neuillysurmarne.fr\/ar\/author\/laurie\/"}]}},"_links":{"self":[{"href":"https:\/\/www.neuillysurmarne.fr\/ar\/wp-json\/wp\/v2\/posts\/11807","targetHints":{"allow":["GET"]}}],"collection":[{"href":"https:\/\/www.neuillysurmarne.fr\/ar\/wp-json\/wp\/v2\/posts"}],"about":[{"href":"https:\/\/www.neuillysurmarne.fr\/ar\/wp-json\/wp\/v2\/types\/post"}],"author":[{"embeddable":true,"href":"https:\/\/www.neuillysurmarne.fr\/ar\/wp-json\/wp\/v2\/users\/2"}],"replies":[{"embeddable":true,"href":"https:\/\/www.neuillysurmarne.fr\/ar\/wp-json\/wp\/v2\/comments?post=11807"}],"version-history":[{"count":1,"href":"https:\/\/www.neuillysurmarne.fr\/ar\/wp-json\/wp\/v2\/posts\/11807\/revisions"}],"predecessor-version":[{"id":11809,"href":"https:\/\/www.neuillysurmarne.fr\/ar\/wp-json\/wp\/v2\/posts\/11807\/revisions\/11809"}],"wp:featuredmedia":[{"embeddable":true,"href":"https:\/\/www.neuillysurmarne.fr\/ar\/wp-json\/wp\/v2\/media\/11808"}],"wp:attachment":[{"href":"https:\/\/www.neuillysurmarne.fr\/ar\/wp-json\/wp\/v2\/media?parent=11807"}],"wp:term":[{"taxonomy":"category","embeddable":true,"href":"https:\/\/www.neuillysurmarne.fr\/ar\/wp-json\/wp\/v2\/categories?post=11807"},{"taxonomy":"post_tag","embeddable":true,"href":"https:\/\/www.neuillysurmarne.fr\/ar\/wp-json\/wp\/v2\/tags?post=11807"}],"curies":[{"name":"wp","href":"https:\/\/api.w.org\/{rel}","templated":true}]}}