{"id":12927,"date":"2024-09-03T16:29:59","date_gmt":"2024-09-03T14:29:59","guid":{"rendered":"https:\/\/www.neuillysurmarne.fr\/?p=12927"},"modified":"2024-09-05T09:59:38","modified_gmt":"2024-09-05T07:59:38","slug":"reservez-les-activites-periscolaires-de-vos-enfants-sur-le-portail-famille","status":"publish","type":"post","link":"https:\/\/www.neuillysurmarne.fr\/ar\/reservez-les-activites-periscolaires-de-vos-enfants-sur-le-portail-famille\/","title":{"rendered":"R\u00e9servez les activit\u00e9s p\u00e9riscolaires de vos enfants sur le Portail Famille"},"content":{"rendered":"<div data-elementor-type=\"wp-post\" data-elementor-id=\"12927\" class=\"elementor elementor-12927\" data-elementor-post-type=\"post\">\n\t\t\t\t<div class=\"elementor-element elementor-element-3787cc3c e-flex e-con-boxed e-con e-parent\" data-id=\"3787cc3c\" data-element_type=\"container\" data-e-type=\"container\">\n\t\t\t\t\t<div class=\"e-con-inner\">\n\t\t\t\t<div class=\"elementor-element elementor-element-6fd9624 elementor-widget elementor-widget-text-editor\" data-id=\"6fd9624\" data-element_type=\"widget\" data-e-type=\"widget\" data-widget_type=\"text-editor.default\">\n\t\t\t\t<div class=\"elementor-widget-container\">\n\t\t\t\t\t\t\t\t\t<h3><strong>\u0628\u0648\u0627\u0628\u0629 \u0627\u0644\u0639\u0627\u0626\u0644\u0629<\/strong><br \/><strong>R\u00e9servation des activit\u00e9s p\u00e9riscolaires 2024\/2025 <\/strong><\/h3><p>Vous pouvez d\u2019ores et d\u00e9j\u00e0 r\u00e9server les activit\u00e9s p\u00e9riscolaires de vos enfants sur <strong><a href=\"https:\/\/portail-neuillysurmarne.ciril.net\/guard\/login?idMessage=28&amp;isMessageLocal=y#28\">votre compte Portail Famille en cliquant ici<\/a><\/strong> (accueil p\u00e9riscolaire, restauration&#8230;). Regardez le tuto vid\u00e9o ci-dessous pour conna\u00eetre la marche \u00e0 suivre.<\/p><p>Pour rappel, la r\u00e9servation des prestations de vos enfants est obligatoire 5 jours avant celle-ci, avec annulation possible jusqu\u2019\u00e0 2 jours avant la prestation.<\/p>\t\t\t\t\t\t\t\t<\/div>\n\t\t\t\t<\/div>\n\t\t\t\t<div class=\"elementor-element elementor-element-d77b64c elementor-widget elementor-widget-video\" data-id=\"d77b64c\" data-element_type=\"widget\" data-e-type=\"widget\" data-settings=\"{&quot;youtube_url&quot;:&quot;https:\\\/\\\/www.youtube.com\\\/watch?v=udcBzZxS1GA&quot;,&quot;video_type&quot;:&quot;youtube&quot;,&quot;controls&quot;:&quot;yes&quot;}\" data-widget_type=\"video.default\">\n\t\t\t\t<div class=\"elementor-widget-container\">\n\t\t\t\t\t\t\t<div class=\"elementor-wrapper elementor-open-inline\">\n\t\t\t<div class=\"elementor-video\"><\/div>\t\t<\/div>\n\t\t\t\t\t\t<\/div>\n\t\t\t\t<\/div>\n\t\t\t\t<div class=\"elementor-element elementor-element-2805d4d elementor-widget elementor-widget-text-editor\" data-id=\"2805d4d\" data-element_type=\"widget\" data-e-type=\"widget\" data-widget_type=\"text-editor.default\">\n\t\t\t\t<div class=\"elementor-widget-container\">\n\t\t\t\t\t\t\t\t\t<p>Nous attirons votre attention sur le fait que ces r\u00e9servations sont obligatoires pour pouvoir b\u00e9n\u00e9ficier du tarif correspondant \u00e0 votre quotient familial, sans majoration.<\/p><p>Pour toute difficult\u00e9 avec l\u2019usage de votre compte Portail Famille, nous vous remercions de contacter le service de la Vie des \u00c9coles, qui pourra vous guider dans vos r\u00e9servations au 01 41 54 80 17.<\/p>\t\t\t\t\t\t\t\t<\/div>\n\t\t\t\t<\/div>\n\t\t\t\t\t<\/div>\n\t\t\t\t<\/div>\n\t\t\t\t<\/div>","protected":false},"excerpt":{"rendered":"<p>Portail FamilleR\u00e9servation des activit\u00e9s p\u00e9riscolaires 2024\/2025 Vous pouvez d\u2019ores et d\u00e9j\u00e0 r\u00e9server les activit\u00e9s p\u00e9riscolaires de vos enfants sur votre compte Portail Famille en cliquant ici (accueil p\u00e9riscolaire, restauration&#8230;). Regardez le tuto vid\u00e9o ci-dessous pour conna\u00eetre la marche \u00e0 suivre. Pour rappel, la r\u00e9servation des prestations de vos enfants est obligatoire 5 jours avant celle-ci, [&hellip;]<\/p>\n","protected":false},"author":2,"featured_media":12928,"comment_status":"closed","ping_status":"closed","sticky":false,"template":"","format":"standard","meta":{"_acf_changed":false,"footnotes":""},"categories":[242],"tags":[],"class_list":["post-12927","post","type-post","status-publish","format-standard","has-post-thumbnail","hentry","category-actualite"],"acf":[],"yoast_head":"<!-- This site is optimized with the Yoast SEO plugin v27.4 - https:\/\/yoast.com\/product\/yoast-seo-wordpress\/ -->\n<title>R\u00e9servez les activit\u00e9s p\u00e9riscolaires de vos enfants sur le Portail Famille - Mairie de Neuilly-sur-Marne<\/title>\n<meta name=\"robots\" content=\"index, follow, max-snippet:-1, max-image-preview:large, max-video-preview:-1\" \/>\n<link rel=\"canonical\" href=\"https:\/\/www.neuillysurmarne.fr\/ar\/reservez-les-activites-periscolaires-de-vos-enfants-sur-le-portail-famille\/\" \/>\n<meta property=\"og:locale\" content=\"ar_AR\" \/>\n<meta property=\"og:type\" content=\"article\" \/>\n<meta property=\"og:title\" content=\"R\u00e9servez les activit\u00e9s p\u00e9riscolaires de vos enfants sur le Portail Famille - Mairie de Neuilly-sur-Marne\" \/>\n<meta property=\"og:description\" content=\"Portail FamilleR\u00e9servation des activit\u00e9s p\u00e9riscolaires 2024\/2025 Vous pouvez d\u2019ores et d\u00e9j\u00e0 r\u00e9server les activit\u00e9s p\u00e9riscolaires de vos enfants sur votre compte Portail Famille en cliquant ici (accueil p\u00e9riscolaire, restauration&#8230;). Regardez le tuto vid\u00e9o ci-dessous pour conna\u00eetre la marche \u00e0 suivre. Pour rappel, la r\u00e9servation des prestations de vos enfants est obligatoire 5 jours avant celle-ci, [&hellip;]\" \/>\n<meta property=\"og:url\" content=\"https:\/\/www.neuillysurmarne.fr\/ar\/reservez-les-activites-periscolaires-de-vos-enfants-sur-le-portail-famille\/\" \/>\n<meta property=\"og:site_name\" content=\"Mairie de Neuilly-sur-Marne\" \/>\n<meta property=\"article:publisher\" content=\"https:\/\/www.facebook.com\/ville.neuilly\" \/>\n<meta property=\"article:published_time\" content=\"2024-09-03T14:29:59+00:00\" \/>\n<meta property=\"article:modified_time\" content=\"2024-09-05T07:59:38+00:00\" \/>\n<meta property=\"og:image\" content=\"https:\/\/www.neuillysurmarne.fr\/wp-content\/uploads\/2024\/09\/Cantine-Jules-Verne-06.2022-8-scaled.jpg\" \/>\n\t<meta property=\"og:image:width\" content=\"2560\" \/>\n\t<meta property=\"og:image:height\" content=\"1707\" \/>\n\t<meta property=\"og:image:type\" content=\"image\/jpeg\" \/>\n<meta name=\"author\" content=\"Laurie\" \/>\n<meta name=\"twitter:card\" content=\"summary_large_image\" \/>\n<meta name=\"twitter:label1\" content=\"\u0643\u064f\u062a\u0628 \u0628\u0648\u0627\u0633\u0637\u0629\" \/>\n\t<meta name=\"twitter:data1\" content=\"Laurie\" \/>\n\t<meta name=\"twitter:label2\" content=\"\u0648\u0642\u062a \u0627\u0644\u0642\u0631\u0627\u0621\u0629 \u0627\u0644\u0645\u064f\u0642\u062f\u0651\u0631\" \/>\n\t<meta name=\"twitter:data2\" content=\"\u062f\u0642\u064a\u0642\u0629 \u0648\u0627\u062d\u062f\u0629\" \/>\n<script type=\"application\/ld+json\" class=\"yoast-schema-graph\">{\"@context\":\"https:\\\/\\\/schema.org\",\"@graph\":[{\"@type\":\"Article\",\"@id\":\"https:\\\/\\\/www.neuillysurmarne.fr\\\/reservez-les-activites-periscolaires-de-vos-enfants-sur-le-portail-famille\\\/#article\",\"isPartOf\":{\"@id\":\"https:\\\/\\\/www.neuillysurmarne.fr\\\/reservez-les-activites-periscolaires-de-vos-enfants-sur-le-portail-famille\\\/\"},\"author\":{\"name\":\"Laurie\",\"@id\":\"https:\\\/\\\/www.neuillysurmarne.fr\\\/es\\\/#\\\/schema\\\/person\\\/fc97a7b233f3533476c0f151a054a9d1\"},\"headline\":\"R\u00e9servez les activit\u00e9s p\u00e9riscolaires de vos enfants sur le Portail Famille\",\"datePublished\":\"2024-09-03T14:29:59+00:00\",\"dateModified\":\"2024-09-05T07:59:38+00:00\",\"mainEntityOfPage\":{\"@id\":\"https:\\\/\\\/www.neuillysurmarne.fr\\\/reservez-les-activites-periscolaires-de-vos-enfants-sur-le-portail-famille\\\/\"},\"wordCount\":152,\"publisher\":{\"@id\":\"https:\\\/\\\/www.neuillysurmarne.fr\\\/es\\\/#organization\"},\"image\":{\"@id\":\"https:\\\/\\\/www.neuillysurmarne.fr\\\/reservez-les-activites-periscolaires-de-vos-enfants-sur-le-portail-famille\\\/#primaryimage\"},\"thumbnailUrl\":\"https:\\\/\\\/www.neuillysurmarne.fr\\\/wp-content\\\/uploads\\\/2024\\\/09\\\/Cantine-Jules-Verne-06.2022-8-scaled.jpg\",\"articleSection\":[\"Actualit\u00e9\"],\"inLanguage\":\"ar\"},{\"@type\":\"WebPage\",\"@id\":\"https:\\\/\\\/www.neuillysurmarne.fr\\\/reservez-les-activites-periscolaires-de-vos-enfants-sur-le-portail-famille\\\/\",\"url\":\"https:\\\/\\\/www.neuillysurmarne.fr\\\/reservez-les-activites-periscolaires-de-vos-enfants-sur-le-portail-famille\\\/\",\"name\":\"R\u00e9servez les activit\u00e9s p\u00e9riscolaires de vos enfants sur le Portail Famille - Mairie de Neuilly-sur-Marne\",\"isPartOf\":{\"@id\":\"https:\\\/\\\/www.neuillysurmarne.fr\\\/es\\\/#website\"},\"primaryImageOfPage\":{\"@id\":\"https:\\\/\\\/www.neuillysurmarne.fr\\\/reservez-les-activites-periscolaires-de-vos-enfants-sur-le-portail-famille\\\/#primaryimage\"},\"image\":{\"@id\":\"https:\\\/\\\/www.neuillysurmarne.fr\\\/reservez-les-activites-periscolaires-de-vos-enfants-sur-le-portail-famille\\\/#primaryimage\"},\"thumbnailUrl\":\"https:\\\/\\\/www.neuillysurmarne.fr\\\/wp-content\\\/uploads\\\/2024\\\/09\\\/Cantine-Jules-Verne-06.2022-8-scaled.jpg\",\"datePublished\":\"2024-09-03T14:29:59+00:00\",\"dateModified\":\"2024-09-05T07:59:38+00:00\",\"breadcrumb\":{\"@id\":\"https:\\\/\\\/www.neuillysurmarne.fr\\\/reservez-les-activites-periscolaires-de-vos-enfants-sur-le-portail-famille\\\/#breadcrumb\"},\"inLanguage\":\"ar\",\"potentialAction\":[{\"@type\":\"ReadAction\",\"target\":[\"https:\\\/\\\/www.neuillysurmarne.fr\\\/reservez-les-activites-periscolaires-de-vos-enfants-sur-le-portail-famille\\\/\"]}]},{\"@type\":\"ImageObject\",\"inLanguage\":\"ar\",\"@id\":\"https:\\\/\\\/www.neuillysurmarne.fr\\\/reservez-les-activites-periscolaires-de-vos-enfants-sur-le-portail-famille\\\/#primaryimage\",\"url\":\"https:\\\/\\\/www.neuillysurmarne.fr\\\/wp-content\\\/uploads\\\/2024\\\/09\\\/Cantine-Jules-Verne-06.2022-8-scaled.jpg\",\"contentUrl\":\"https:\\\/\\\/www.neuillysurmarne.fr\\\/wp-content\\\/uploads\\\/2024\\\/09\\\/Cantine-Jules-Verne-06.2022-8-scaled.jpg\",\"width\":2560,\"height\":1707},{\"@type\":\"BreadcrumbList\",\"@id\":\"https:\\\/\\\/www.neuillysurmarne.fr\\\/reservez-les-activites-periscolaires-de-vos-enfants-sur-le-portail-famille\\\/#breadcrumb\",\"itemListElement\":[{\"@type\":\"ListItem\",\"position\":1,\"name\":\"Accueil\",\"item\":\"https:\\\/\\\/www.neuillysurmarne.fr\\\/\"},{\"@type\":\"ListItem\",\"position\":2,\"name\":\"R\u00e9servez les activit\u00e9s p\u00e9riscolaires de vos enfants sur le Portail Famille\"}]},{\"@type\":\"WebSite\",\"@id\":\"https:\\\/\\\/www.neuillysurmarne.fr\\\/es\\\/#website\",\"url\":\"https:\\\/\\\/www.neuillysurmarne.fr\\\/es\\\/\",\"name\":\"Mairie de Neuilly-sur-Marne\",\"description\":\"BETA\",\"publisher\":{\"@id\":\"https:\\\/\\\/www.neuillysurmarne.fr\\\/es\\\/#organization\"},\"potentialAction\":[{\"@type\":\"SearchAction\",\"target\":{\"@type\":\"EntryPoint\",\"urlTemplate\":\"https:\\\/\\\/www.neuillysurmarne.fr\\\/es\\\/?s={search_term_string}\"},\"query-input\":{\"@type\":\"PropertyValueSpecification\",\"valueRequired\":true,\"valueName\":\"search_term_string\"}}],\"inLanguage\":\"ar\"},{\"@type\":\"Organization\",\"@id\":\"https:\\\/\\\/www.neuillysurmarne.fr\\\/es\\\/#organization\",\"name\":\"Mairie de Neuilly-sur-Marne\",\"url\":\"https:\\\/\\\/www.neuillysurmarne.fr\\\/es\\\/\",\"logo\":{\"@type\":\"ImageObject\",\"inLanguage\":\"ar\",\"@id\":\"https:\\\/\\\/www.neuillysurmarne.fr\\\/es\\\/#\\\/schema\\\/logo\\\/image\\\/\",\"url\":\"https:\\\/\\\/www.neuillysurmarne.fr\\\/wp-content\\\/uploads\\\/2023\\\/10\\\/LOGO-NeuillysurMarne-blanc.png\",\"contentUrl\":\"https:\\\/\\\/www.neuillysurmarne.fr\\\/wp-content\\\/uploads\\\/2023\\\/10\\\/LOGO-NeuillysurMarne-blanc.png\",\"width\":3308,\"height\":2586,\"caption\":\"Mairie de Neuilly-sur-Marne\"},\"image\":{\"@id\":\"https:\\\/\\\/www.neuillysurmarne.fr\\\/es\\\/#\\\/schema\\\/logo\\\/image\\\/\"},\"sameAs\":[\"https:\\\/\\\/www.facebook.com\\\/ville.neuilly\",\"https:\\\/\\\/www.instagram.com\\\/neuilly_marne\\\/\",\"https:\\\/\\\/www.linkedin.com\\\/company\\\/ville-de-neuilly-sur-marne\\\/\",\"https:\\\/\\\/www.youtube.com\\\/channel\\\/UCDdZ0TLrV8rfIqjBGvoeB5A\",\"https:\\\/\\\/www.tiktok.com\\\/@villedeneuillysurmarne\"]},{\"@type\":\"Person\",\"@id\":\"https:\\\/\\\/www.neuillysurmarne.fr\\\/es\\\/#\\\/schema\\\/person\\\/fc97a7b233f3533476c0f151a054a9d1\",\"name\":\"Laurie\",\"image\":{\"@type\":\"ImageObject\",\"inLanguage\":\"ar\",\"@id\":\"https:\\\/\\\/secure.gravatar.com\\\/avatar\\\/aed93f491b5b494ae0db0f36fde403661e12c84c81b737368b3df13d30768a94?s=96&d=mm&r=g\",\"url\":\"https:\\\/\\\/secure.gravatar.com\\\/avatar\\\/aed93f491b5b494ae0db0f36fde403661e12c84c81b737368b3df13d30768a94?s=96&d=mm&r=g\",\"contentUrl\":\"https:\\\/\\\/secure.gravatar.com\\\/avatar\\\/aed93f491b5b494ae0db0f36fde403661e12c84c81b737368b3df13d30768a94?s=96&d=mm&r=g\",\"caption\":\"Laurie\"},\"url\":\"https:\\\/\\\/www.neuillysurmarne.fr\\\/ar\\\/author\\\/laurie\\\/\"}]}<\/script>\n<!-- \/ Yoast SEO plugin. -->","yoast_head_json":{"title":"R\u00e9servez les activit\u00e9s p\u00e9riscolaires de vos enfants sur le Portail Famille - Mairie de Neuilly-sur-Marne","robots":{"index":"index","follow":"follow","max-snippet":"max-snippet:-1","max-image-preview":"max-image-preview:large","max-video-preview":"max-video-preview:-1"},"canonical":"https:\/\/www.neuillysurmarne.fr\/ar\/reservez-les-activites-periscolaires-de-vos-enfants-sur-le-portail-famille\/","og_locale":"ar_AR","og_type":"article","og_title":"R\u00e9servez les activit\u00e9s p\u00e9riscolaires de vos enfants sur le Portail Famille - Mairie de Neuilly-sur-Marne","og_description":"Portail FamilleR\u00e9servation des activit\u00e9s p\u00e9riscolaires 2024\/2025 Vous pouvez d\u2019ores et d\u00e9j\u00e0 r\u00e9server les activit\u00e9s p\u00e9riscolaires de vos enfants sur votre compte Portail Famille en cliquant ici (accueil p\u00e9riscolaire, restauration&#8230;). Regardez le tuto vid\u00e9o ci-dessous pour conna\u00eetre la marche \u00e0 suivre. Pour rappel, la r\u00e9servation des prestations de vos enfants est obligatoire 5 jours avant celle-ci, [&hellip;]","og_url":"https:\/\/www.neuillysurmarne.fr\/ar\/reservez-les-activites-periscolaires-de-vos-enfants-sur-le-portail-famille\/","og_site_name":"Mairie de Neuilly-sur-Marne","article_publisher":"https:\/\/www.facebook.com\/ville.neuilly","article_published_time":"2024-09-03T14:29:59+00:00","article_modified_time":"2024-09-05T07:59:38+00:00","og_image":[{"width":2560,"height":1707,"url":"https:\/\/www.neuillysurmarne.fr\/wp-content\/uploads\/2024\/09\/Cantine-Jules-Verne-06.2022-8-scaled.jpg","type":"image\/jpeg"}],"author":"Laurie","twitter_card":"summary_large_image","twitter_misc":{"\u0643\u064f\u062a\u0628 \u0628\u0648\u0627\u0633\u0637\u0629":"Laurie","\u0648\u0642\u062a \u0627\u0644\u0642\u0631\u0627\u0621\u0629 \u0627\u0644\u0645\u064f\u0642\u062f\u0651\u0631":"\u062f\u0642\u064a\u0642\u0629 \u0648\u0627\u062d\u062f\u0629"},"schema":{"@context":"https:\/\/schema.org","@graph":[{"@type":"Article","@id":"https:\/\/www.neuillysurmarne.fr\/reservez-les-activites-periscolaires-de-vos-enfants-sur-le-portail-famille\/#article","isPartOf":{"@id":"https:\/\/www.neuillysurmarne.fr\/reservez-les-activites-periscolaires-de-vos-enfants-sur-le-portail-famille\/"},"author":{"name":"Laurie","@id":"https:\/\/www.neuillysurmarne.fr\/es\/#\/schema\/person\/fc97a7b233f3533476c0f151a054a9d1"},"headline":"R\u00e9servez les activit\u00e9s p\u00e9riscolaires de vos enfants sur le Portail Famille","datePublished":"2024-09-03T14:29:59+00:00","dateModified":"2024-09-05T07:59:38+00:00","mainEntityOfPage":{"@id":"https:\/\/www.neuillysurmarne.fr\/reservez-les-activites-periscolaires-de-vos-enfants-sur-le-portail-famille\/"},"wordCount":152,"publisher":{"@id":"https:\/\/www.neuillysurmarne.fr\/es\/#organization"},"image":{"@id":"https:\/\/www.neuillysurmarne.fr\/reservez-les-activites-periscolaires-de-vos-enfants-sur-le-portail-famille\/#primaryimage"},"thumbnailUrl":"https:\/\/www.neuillysurmarne.fr\/wp-content\/uploads\/2024\/09\/Cantine-Jules-Verne-06.2022-8-scaled.jpg","articleSection":["Actualit\u00e9"],"inLanguage":"ar"},{"@type":"WebPage","@id":"https:\/\/www.neuillysurmarne.fr\/reservez-les-activites-periscolaires-de-vos-enfants-sur-le-portail-famille\/","url":"https:\/\/www.neuillysurmarne.fr\/reservez-les-activites-periscolaires-de-vos-enfants-sur-le-portail-famille\/","name":"R\u00e9servez les activit\u00e9s p\u00e9riscolaires de vos enfants sur le Portail Famille - Mairie de Neuilly-sur-Marne","isPartOf":{"@id":"https:\/\/www.neuillysurmarne.fr\/es\/#website"},"primaryImageOfPage":{"@id":"https:\/\/www.neuillysurmarne.fr\/reservez-les-activites-periscolaires-de-vos-enfants-sur-le-portail-famille\/#primaryimage"},"image":{"@id":"https:\/\/www.neuillysurmarne.fr\/reservez-les-activites-periscolaires-de-vos-enfants-sur-le-portail-famille\/#primaryimage"},"thumbnailUrl":"https:\/\/www.neuillysurmarne.fr\/wp-content\/uploads\/2024\/09\/Cantine-Jules-Verne-06.2022-8-scaled.jpg","datePublished":"2024-09-03T14:29:59+00:00","dateModified":"2024-09-05T07:59:38+00:00","breadcrumb":{"@id":"https:\/\/www.neuillysurmarne.fr\/reservez-les-activites-periscolaires-de-vos-enfants-sur-le-portail-famille\/#breadcrumb"},"inLanguage":"ar","potentialAction":[{"@type":"ReadAction","target":["https:\/\/www.neuillysurmarne.fr\/reservez-les-activites-periscolaires-de-vos-enfants-sur-le-portail-famille\/"]}]},{"@type":"ImageObject","inLanguage":"ar","@id":"https:\/\/www.neuillysurmarne.fr\/reservez-les-activites-periscolaires-de-vos-enfants-sur-le-portail-famille\/#primaryimage","url":"https:\/\/www.neuillysurmarne.fr\/wp-content\/uploads\/2024\/09\/Cantine-Jules-Verne-06.2022-8-scaled.jpg","contentUrl":"https:\/\/www.neuillysurmarne.fr\/wp-content\/uploads\/2024\/09\/Cantine-Jules-Verne-06.2022-8-scaled.jpg","width":2560,"height":1707},{"@type":"BreadcrumbList","@id":"https:\/\/www.neuillysurmarne.fr\/reservez-les-activites-periscolaires-de-vos-enfants-sur-le-portail-famille\/#breadcrumb","itemListElement":[{"@type":"ListItem","position":1,"name":"Accueil","item":"https:\/\/www.neuillysurmarne.fr\/"},{"@type":"ListItem","position":2,"name":"R\u00e9servez les activit\u00e9s p\u00e9riscolaires de vos enfants sur le Portail Famille"}]},{"@type":"WebSite","@id":"https:\/\/www.neuillysurmarne.fr\/es\/#website","url":"https:\/\/www.neuillysurmarne.fr\/es\/","name":"\u062f\u0627\u0631 \u0628\u0644\u062f\u064a\u0629 \u0646\u0648\u064a\u064a-\u0633\u0648\u0631-\u0645\u0627\u0631\u0646","description":"\u0628\u064a\u062a\u0627","publisher":{"@id":"https:\/\/www.neuillysurmarne.fr\/es\/#organization"},"potentialAction":[{"@type":"SearchAction","target":{"@type":"EntryPoint","urlTemplate":"https:\/\/www.neuillysurmarne.fr\/es\/?s={search_term_string}"},"query-input":{"@type":"PropertyValueSpecification","valueRequired":true,"valueName":"search_term_string"}}],"inLanguage":"ar"},{"@type":"Organization","@id":"https:\/\/www.neuillysurmarne.fr\/es\/#organization","name":"\u062f\u0627\u0631 \u0628\u0644\u062f\u064a\u0629 \u0646\u0648\u064a\u064a-\u0633\u0648\u0631-\u0645\u0627\u0631\u0646","url":"https:\/\/www.neuillysurmarne.fr\/es\/","logo":{"@type":"ImageObject","inLanguage":"ar","@id":"https:\/\/www.neuillysurmarne.fr\/es\/#\/schema\/logo\/image\/","url":"https:\/\/www.neuillysurmarne.fr\/wp-content\/uploads\/2023\/10\/LOGO-NeuillysurMarne-blanc.png","contentUrl":"https:\/\/www.neuillysurmarne.fr\/wp-content\/uploads\/2023\/10\/LOGO-NeuillysurMarne-blanc.png","width":3308,"height":2586,"caption":"Mairie de Neuilly-sur-Marne"},"image":{"@id":"https:\/\/www.neuillysurmarne.fr\/es\/#\/schema\/logo\/image\/"},"sameAs":["https:\/\/www.facebook.com\/ville.neuilly","https:\/\/www.instagram.com\/neuilly_marne\/","https:\/\/www.linkedin.com\/company\/ville-de-neuilly-sur-marne\/","https:\/\/www.youtube.com\/channel\/UCDdZ0TLrV8rfIqjBGvoeB5A","https:\/\/www.tiktok.com\/@villedeneuillysurmarne"]},{"@type":"Person","@id":"https:\/\/www.neuillysurmarne.fr\/es\/#\/schema\/person\/fc97a7b233f3533476c0f151a054a9d1","name":"Laurie","image":{"@type":"ImageObject","inLanguage":"ar","@id":"https:\/\/secure.gravatar.com\/avatar\/aed93f491b5b494ae0db0f36fde403661e12c84c81b737368b3df13d30768a94?s=96&d=mm&r=g","url":"https:\/\/secure.gravatar.com\/avatar\/aed93f491b5b494ae0db0f36fde403661e12c84c81b737368b3df13d30768a94?s=96&d=mm&r=g","contentUrl":"https:\/\/secure.gravatar.com\/avatar\/aed93f491b5b494ae0db0f36fde403661e12c84c81b737368b3df13d30768a94?s=96&d=mm&r=g","caption":"Laurie"},"url":"https:\/\/www.neuillysurmarne.fr\/ar\/author\/laurie\/"}]}},"_links":{"self":[{"href":"https:\/\/www.neuillysurmarne.fr\/ar\/wp-json\/wp\/v2\/posts\/12927","targetHints":{"allow":["GET"]}}],"collection":[{"href":"https:\/\/www.neuillysurmarne.fr\/ar\/wp-json\/wp\/v2\/posts"}],"about":[{"href":"https:\/\/www.neuillysurmarne.fr\/ar\/wp-json\/wp\/v2\/types\/post"}],"author":[{"embeddable":true,"href":"https:\/\/www.neuillysurmarne.fr\/ar\/wp-json\/wp\/v2\/users\/2"}],"replies":[{"embeddable":true,"href":"https:\/\/www.neuillysurmarne.fr\/ar\/wp-json\/wp\/v2\/comments?post=12927"}],"version-history":[{"count":8,"href":"https:\/\/www.neuillysurmarne.fr\/ar\/wp-json\/wp\/v2\/posts\/12927\/revisions"}],"predecessor-version":[{"id":12967,"href":"https:\/\/www.neuillysurmarne.fr\/ar\/wp-json\/wp\/v2\/posts\/12927\/revisions\/12967"}],"wp:featuredmedia":[{"embeddable":true,"href":"https:\/\/www.neuillysurmarne.fr\/ar\/wp-json\/wp\/v2\/media\/12928"}],"wp:attachment":[{"href":"https:\/\/www.neuillysurmarne.fr\/ar\/wp-json\/wp\/v2\/media?parent=12927"}],"wp:term":[{"taxonomy":"category","embeddable":true,"href":"https:\/\/www.neuillysurmarne.fr\/ar\/wp-json\/wp\/v2\/categories?post=12927"},{"taxonomy":"post_tag","embeddable":true,"href":"https:\/\/www.neuillysurmarne.fr\/ar\/wp-json\/wp\/v2\/tags?post=12927"}],"curies":[{"name":"wp","href":"https:\/\/api.w.org\/{rel}","templated":true}]}}