{"id":17466,"date":"2026-02-19T18:32:42","date_gmt":"2026-02-19T17:32:42","guid":{"rendered":"https:\/\/www.neuillysurmarne.fr\/?p=17466"},"modified":"2026-03-26T10:38:28","modified_gmt":"2026-03-26T09:38:28","slug":"pour-vos-titres-didentite-anticipez","status":"publish","type":"post","link":"https:\/\/www.neuillysurmarne.fr\/ar\/pour-vos-titres-didentite-anticipez\/","title":{"rendered":"Pour vos titres d\u2019identit\u00e9, anticipez\u00a0!"},"content":{"rendered":"<h3><strong>Carte nationale d&rsquo;identit\u00e9, passeport&#8230; Renouvelez vos titres d&rsquo;identit\u00e9 d\u00e8s maintenant<\/strong><\/h3>\n<p>C\u2019est le bon moment pour faire sa demande de passeport ou de carte nationale d\u2019identit\u00e9 ! Les cr\u00e9neaux de rendez-vous en mairie sont encore nombreux et le d\u00e9lai de d\u00e9livrance en pr\u00e9fecture est actuellement d\u2019un mois. \u00c0 l&rsquo;approche de l&rsquo;\u00e9t\u00e9, l\u2019attente sera de plus en plus longue.<\/p>\n<p>Plus les vacances approchent, plus les demandes de cr\u00e9ation ou de renouvellement de titres d\u2019identit\u00e9 se multiplient. Pour \u00e9viter la cohue et les longs d\u00e9lais d\u2019attente, mieux vaut prendre de l\u2019avance. En ce d\u00e9but d\u2019ann\u00e9e, commencez \u00e0 faire vos demandes en suivant ces trois \u00e9tapes.<\/p>\n<p><strong>\u00a0<\/strong><\/p>\n<ol>\n<li>\n<h3>R\u00e9aliser une pr\u00e9-demande<\/h3>\n<\/li>\n<\/ol>\n<p>Rendez-vous sur le <span style=\"text-decoration: underline;\"><strong><a href=\"https:\/\/ants.gouv.fr\/\">site de l\u2019Agence Nationale des Titres S\u00e9curis\u00e9s<\/a><\/strong><\/span> (ANTS) pour enregistrer votre pr\u00e9-demande de passeport ou de carte nationale d\u2019identit\u00e9. Vous obtiendrez ainsi <strong>un num\u00e9ro de dossier<\/strong>, \u00e0 conserver pr\u00e9cieusement.<\/p>\n<p>&nbsp;<\/p>\n<ol start=\"2\">\n<li>\n<h3>Remplir le formulaire et r\u00e9unir les documents<\/h3>\n<\/li>\n<\/ol>\n<p>Sur l\u2019Espace Citoyens de Neuilly-sur-Marne, deux pages vous indiquent la marche \u00e0 suivre. Vous pourrez <strong>t\u00e9l\u00e9charger un formulaire et trouver la liste des documents<\/strong> \u00e0 fournir\u00a0: acte de naissance, photos d\u2019identit\u00e9 aux normes ISO, justificatif de domicile ou attestation d\u2019h\u00e9bergement\u2026 Attention, <strong>vous devrez pr\u00e9senter dans tous les cas les pi\u00e8ces originales<\/strong>.<\/p>\n<p>La premi\u00e8re demande et le renouvellement de CNI sont gratuits. En cas de perte ou vol, 25 \u20ac de <strong>timbres fiscaux<\/strong> seront demand\u00e9s. Pour un passeport, quelle que soit la situation, le montant est de 86\u20ac.<\/p>\n<p>\u27a1\ufe0f <strong><a href=\"https:\/\/www.espace-citoyens.net\/neuillysurmarne\/espace-citoyens\/Demande\/NouvelleDemande\/DEMADMIN\/DEMAND_CNI\">Pour une demande de CNI, cliquez ici.<\/a><\/strong><\/p>\n<p>\u27a1\ufe0f <strong><a href=\"https:\/\/www.espace-citoyens.net\/neuillysurmarne\/espace-citoyens\/Demande\/NouvelleDemande\/DEMADMIN\/DEMAN_PASS\">Pour une demande de passeport, cliquez ici.<\/a><\/strong><\/p>\n<p>&nbsp;<\/p>\n<ol start=\"3\">\n<li>\n<h3>Prendre un rendez-vous \u00e0 l\u2019H\u00f4tel de Ville<\/h3>\n<\/li>\n<\/ol>\n<p>Une fois le dossier complet, prenez rendez-vous\u00a0avec le service population \u00e0 l\u2019H\u00f4tel de Ville en renseignant votre num\u00e9ro ANTS. Si vous ne trouvez pas de cr\u00e9neaux disponibles, patience\u00a0: de nouvelles disponibilit\u00e9s sont <strong>ajout\u00e9es tous les vendredis \u00e0 17h<\/strong>. \u00c0 la suite de votre rendez-vous, la demande de fabrication de votre titre d\u2019identit\u00e9 sera envoy\u00e9e en pr\u00e9fecture. <strong>Actuellement, le d\u00e9lai est d\u2019environ un mois<\/strong>. Vous serez ensuite pr\u00e9venu de sa disponibilit\u00e9.<\/p>\n<p><strong><a href=\"https:\/\/app.synbird.com\/93330-neuilly-sur-marne-mairie-de-neuilly-sur-marne\">\u27a1\ufe0f Pour prendre rendez-vous, cliquez ici.<\/a><\/strong><\/p>\n<p>Pour toute information compl\u00e9mentaire, le service Population est \u00e0 votre disposition \u00e0 l\u2019H\u00f4tel de Ville du lundi au vendredi (8h30-12h30 et 13h30-18h, sauf le jeudi apr\u00e8s-midi) et le samedi matin (9h-12h). Vous pouvez \u00e9galement nous contacter par t\u00e9l\u00e9phone au 01 43 08 96 96 ou par courriel \u00e0 <span style=\"text-decoration: underline;\"><strong><a href=\"mailto:etat.civil@neuillysurmarne.fr\">etat.civil@neuillysurmarne.fr<\/a><\/strong><\/span><\/p>","protected":false},"excerpt":{"rendered":"<p>Carte nationale d&rsquo;identit\u00e9, passeport&#8230; Renouvelez vos titres d&rsquo;identit\u00e9 d\u00e8s maintenant C\u2019est le bon moment pour faire sa demande de passeport ou de carte nationale d\u2019identit\u00e9 ! Les cr\u00e9neaux de rendez-vous en mairie sont encore nombreux et le d\u00e9lai de d\u00e9livrance en pr\u00e9fecture est actuellement d\u2019un mois. \u00c0 l&rsquo;approche de l&rsquo;\u00e9t\u00e9, l\u2019attente sera de plus en [&hellip;]<\/p>\n","protected":false},"author":2,"featured_media":16792,"comment_status":"closed","ping_status":"closed","sticky":false,"template":"","format":"standard","meta":{"_acf_changed":false,"footnotes":""},"categories":[242],"tags":[],"class_list":["post-17466","post","type-post","status-publish","format-standard","has-post-thumbnail","hentry","category-actualite"],"acf":[],"yoast_head":"<!-- This site is optimized with the Yoast SEO plugin v27.4 - https:\/\/yoast.com\/product\/yoast-seo-wordpress\/ -->\n<title>Pour vos titres d\u2019identit\u00e9, anticipez\u00a0! - Mairie de Neuilly-sur-Marne<\/title>\n<meta name=\"robots\" content=\"index, follow, max-snippet:-1, max-image-preview:large, max-video-preview:-1\" \/>\n<link rel=\"canonical\" href=\"https:\/\/www.neuillysurmarne.fr\/ar\/pour-vos-titres-didentite-anticipez\/\" \/>\n<meta property=\"og:locale\" content=\"ar_AR\" \/>\n<meta property=\"og:type\" content=\"article\" \/>\n<meta property=\"og:title\" content=\"Pour vos titres d\u2019identit\u00e9, anticipez\u00a0! - Mairie de Neuilly-sur-Marne\" \/>\n<meta property=\"og:description\" content=\"Carte nationale d&rsquo;identit\u00e9, passeport&#8230; Renouvelez vos titres d&rsquo;identit\u00e9 d\u00e8s maintenant C\u2019est le bon moment pour faire sa demande de passeport ou de carte nationale d\u2019identit\u00e9 ! Les cr\u00e9neaux de rendez-vous en mairie sont encore nombreux et le d\u00e9lai de d\u00e9livrance en pr\u00e9fecture est actuellement d\u2019un mois. \u00c0 l&rsquo;approche de l&rsquo;\u00e9t\u00e9, l\u2019attente sera de plus en [&hellip;]\" \/>\n<meta property=\"og:url\" content=\"https:\/\/www.neuillysurmarne.fr\/ar\/pour-vos-titres-didentite-anticipez\/\" \/>\n<meta property=\"og:site_name\" content=\"Mairie de Neuilly-sur-Marne\" \/>\n<meta property=\"article:publisher\" content=\"https:\/\/www.facebook.com\/ville.neuilly\" \/>\n<meta property=\"article:published_time\" content=\"2026-02-19T17:32:42+00:00\" \/>\n<meta property=\"article:modified_time\" content=\"2026-03-26T09:38:28+00:00\" \/>\n<meta property=\"og:image\" content=\"https:\/\/www.neuillysurmarne.fr\/wp-content\/uploads\/2025\/11\/cni-france-carte-didentite.jpg\" \/>\n\t<meta property=\"og:image:width\" content=\"1409\" \/>\n\t<meta property=\"og:image:height\" content=\"932\" \/>\n\t<meta property=\"og:image:type\" content=\"image\/jpeg\" \/>\n<meta name=\"author\" content=\"Laurie\" \/>\n<meta name=\"twitter:card\" content=\"summary_large_image\" \/>\n<meta name=\"twitter:label1\" content=\"\u0643\u064f\u062a\u0628 \u0628\u0648\u0627\u0633\u0637\u0629\" \/>\n\t<meta name=\"twitter:data1\" content=\"Laurie\" \/>\n\t<meta name=\"twitter:label2\" content=\"\u0648\u0642\u062a \u0627\u0644\u0642\u0631\u0627\u0621\u0629 \u0627\u0644\u0645\u064f\u0642\u062f\u0651\u0631\" \/>\n\t<meta name=\"twitter:data2\" content=\"3 \u062f\u0642\u0627\u0626\u0642\" \/>\n<script type=\"application\/ld+json\" class=\"yoast-schema-graph\">{\"@context\":\"https:\\\/\\\/schema.org\",\"@graph\":[{\"@type\":\"Article\",\"@id\":\"https:\\\/\\\/www.neuillysurmarne.fr\\\/pour-vos-titres-didentite-anticipez\\\/#article\",\"isPartOf\":{\"@id\":\"https:\\\/\\\/www.neuillysurmarne.fr\\\/pour-vos-titres-didentite-anticipez\\\/\"},\"author\":{\"name\":\"Laurie\",\"@id\":\"https:\\\/\\\/www.neuillysurmarne.fr\\\/es\\\/#\\\/schema\\\/person\\\/fc97a7b233f3533476c0f151a054a9d1\"},\"headline\":\"Pour vos titres d\u2019identit\u00e9, anticipez\u00a0!\",\"datePublished\":\"2026-02-19T17:32:42+00:00\",\"dateModified\":\"2026-03-26T09:38:28+00:00\",\"mainEntityOfPage\":{\"@id\":\"https:\\\/\\\/www.neuillysurmarne.fr\\\/pour-vos-titres-didentite-anticipez\\\/\"},\"wordCount\":433,\"publisher\":{\"@id\":\"https:\\\/\\\/www.neuillysurmarne.fr\\\/es\\\/#organization\"},\"image\":{\"@id\":\"https:\\\/\\\/www.neuillysurmarne.fr\\\/pour-vos-titres-didentite-anticipez\\\/#primaryimage\"},\"thumbnailUrl\":\"https:\\\/\\\/www.neuillysurmarne.fr\\\/wp-content\\\/uploads\\\/2025\\\/11\\\/cni-france-carte-didentite.jpg\",\"articleSection\":[\"Actualit\u00e9\"],\"inLanguage\":\"ar\"},{\"@type\":\"WebPage\",\"@id\":\"https:\\\/\\\/www.neuillysurmarne.fr\\\/pour-vos-titres-didentite-anticipez\\\/\",\"url\":\"https:\\\/\\\/www.neuillysurmarne.fr\\\/pour-vos-titres-didentite-anticipez\\\/\",\"name\":\"Pour vos titres d\u2019identit\u00e9, anticipez\u00a0! - Mairie de Neuilly-sur-Marne\",\"isPartOf\":{\"@id\":\"https:\\\/\\\/www.neuillysurmarne.fr\\\/es\\\/#website\"},\"primaryImageOfPage\":{\"@id\":\"https:\\\/\\\/www.neuillysurmarne.fr\\\/pour-vos-titres-didentite-anticipez\\\/#primaryimage\"},\"image\":{\"@id\":\"https:\\\/\\\/www.neuillysurmarne.fr\\\/pour-vos-titres-didentite-anticipez\\\/#primaryimage\"},\"thumbnailUrl\":\"https:\\\/\\\/www.neuillysurmarne.fr\\\/wp-content\\\/uploads\\\/2025\\\/11\\\/cni-france-carte-didentite.jpg\",\"datePublished\":\"2026-02-19T17:32:42+00:00\",\"dateModified\":\"2026-03-26T09:38:28+00:00\",\"breadcrumb\":{\"@id\":\"https:\\\/\\\/www.neuillysurmarne.fr\\\/pour-vos-titres-didentite-anticipez\\\/#breadcrumb\"},\"inLanguage\":\"ar\",\"potentialAction\":[{\"@type\":\"ReadAction\",\"target\":[\"https:\\\/\\\/www.neuillysurmarne.fr\\\/pour-vos-titres-didentite-anticipez\\\/\"]}]},{\"@type\":\"ImageObject\",\"inLanguage\":\"ar\",\"@id\":\"https:\\\/\\\/www.neuillysurmarne.fr\\\/pour-vos-titres-didentite-anticipez\\\/#primaryimage\",\"url\":\"https:\\\/\\\/www.neuillysurmarne.fr\\\/wp-content\\\/uploads\\\/2025\\\/11\\\/cni-france-carte-didentite.jpg\",\"contentUrl\":\"https:\\\/\\\/www.neuillysurmarne.fr\\\/wp-content\\\/uploads\\\/2025\\\/11\\\/cni-france-carte-didentite.jpg\",\"width\":1409,\"height\":932},{\"@type\":\"BreadcrumbList\",\"@id\":\"https:\\\/\\\/www.neuillysurmarne.fr\\\/pour-vos-titres-didentite-anticipez\\\/#breadcrumb\",\"itemListElement\":[{\"@type\":\"ListItem\",\"position\":1,\"name\":\"Accueil\",\"item\":\"https:\\\/\\\/www.neuillysurmarne.fr\\\/\"},{\"@type\":\"ListItem\",\"position\":2,\"name\":\"Pour vos titres d\u2019identit\u00e9, anticipez\u00a0!\"}]},{\"@type\":\"WebSite\",\"@id\":\"https:\\\/\\\/www.neuillysurmarne.fr\\\/es\\\/#website\",\"url\":\"https:\\\/\\\/www.neuillysurmarne.fr\\\/es\\\/\",\"name\":\"Mairie de Neuilly-sur-Marne\",\"description\":\"BETA\",\"publisher\":{\"@id\":\"https:\\\/\\\/www.neuillysurmarne.fr\\\/es\\\/#organization\"},\"potentialAction\":[{\"@type\":\"SearchAction\",\"target\":{\"@type\":\"EntryPoint\",\"urlTemplate\":\"https:\\\/\\\/www.neuillysurmarne.fr\\\/es\\\/?s={search_term_string}\"},\"query-input\":{\"@type\":\"PropertyValueSpecification\",\"valueRequired\":true,\"valueName\":\"search_term_string\"}}],\"inLanguage\":\"ar\"},{\"@type\":\"Organization\",\"@id\":\"https:\\\/\\\/www.neuillysurmarne.fr\\\/es\\\/#organization\",\"name\":\"Mairie de Neuilly-sur-Marne\",\"url\":\"https:\\\/\\\/www.neuillysurmarne.fr\\\/es\\\/\",\"logo\":{\"@type\":\"ImageObject\",\"inLanguage\":\"ar\",\"@id\":\"https:\\\/\\\/www.neuillysurmarne.fr\\\/es\\\/#\\\/schema\\\/logo\\\/image\\\/\",\"url\":\"https:\\\/\\\/www.neuillysurmarne.fr\\\/wp-content\\\/uploads\\\/2023\\\/10\\\/LOGO-NeuillysurMarne-blanc.png\",\"contentUrl\":\"https:\\\/\\\/www.neuillysurmarne.fr\\\/wp-content\\\/uploads\\\/2023\\\/10\\\/LOGO-NeuillysurMarne-blanc.png\",\"width\":3308,\"height\":2586,\"caption\":\"Mairie de Neuilly-sur-Marne\"},\"image\":{\"@id\":\"https:\\\/\\\/www.neuillysurmarne.fr\\\/es\\\/#\\\/schema\\\/logo\\\/image\\\/\"},\"sameAs\":[\"https:\\\/\\\/www.facebook.com\\\/ville.neuilly\",\"https:\\\/\\\/www.instagram.com\\\/neuilly_marne\\\/\",\"https:\\\/\\\/www.linkedin.com\\\/company\\\/ville-de-neuilly-sur-marne\\\/\",\"https:\\\/\\\/www.youtube.com\\\/channel\\\/UCDdZ0TLrV8rfIqjBGvoeB5A\",\"https:\\\/\\\/www.tiktok.com\\\/@villedeneuillysurmarne\"]},{\"@type\":\"Person\",\"@id\":\"https:\\\/\\\/www.neuillysurmarne.fr\\\/es\\\/#\\\/schema\\\/person\\\/fc97a7b233f3533476c0f151a054a9d1\",\"name\":\"Laurie\",\"image\":{\"@type\":\"ImageObject\",\"inLanguage\":\"ar\",\"@id\":\"https:\\\/\\\/secure.gravatar.com\\\/avatar\\\/aed93f491b5b494ae0db0f36fde403661e12c84c81b737368b3df13d30768a94?s=96&d=mm&r=g\",\"url\":\"https:\\\/\\\/secure.gravatar.com\\\/avatar\\\/aed93f491b5b494ae0db0f36fde403661e12c84c81b737368b3df13d30768a94?s=96&d=mm&r=g\",\"contentUrl\":\"https:\\\/\\\/secure.gravatar.com\\\/avatar\\\/aed93f491b5b494ae0db0f36fde403661e12c84c81b737368b3df13d30768a94?s=96&d=mm&r=g\",\"caption\":\"Laurie\"},\"url\":\"https:\\\/\\\/www.neuillysurmarne.fr\\\/ar\\\/author\\\/laurie\\\/\"}]}<\/script>\n<!-- \/ Yoast SEO plugin. -->","yoast_head_json":{"title":"Pour vos titres d\u2019identit\u00e9, anticipez\u00a0! - Mairie de Neuilly-sur-Marne","robots":{"index":"index","follow":"follow","max-snippet":"max-snippet:-1","max-image-preview":"max-image-preview:large","max-video-preview":"max-video-preview:-1"},"canonical":"https:\/\/www.neuillysurmarne.fr\/ar\/pour-vos-titres-didentite-anticipez\/","og_locale":"ar_AR","og_type":"article","og_title":"Pour vos titres d\u2019identit\u00e9, anticipez\u00a0! - Mairie de Neuilly-sur-Marne","og_description":"Carte nationale d&rsquo;identit\u00e9, passeport&#8230; Renouvelez vos titres d&rsquo;identit\u00e9 d\u00e8s maintenant C\u2019est le bon moment pour faire sa demande de passeport ou de carte nationale d\u2019identit\u00e9 ! Les cr\u00e9neaux de rendez-vous en mairie sont encore nombreux et le d\u00e9lai de d\u00e9livrance en pr\u00e9fecture est actuellement d\u2019un mois. \u00c0 l&rsquo;approche de l&rsquo;\u00e9t\u00e9, l\u2019attente sera de plus en [&hellip;]","og_url":"https:\/\/www.neuillysurmarne.fr\/ar\/pour-vos-titres-didentite-anticipez\/","og_site_name":"Mairie de Neuilly-sur-Marne","article_publisher":"https:\/\/www.facebook.com\/ville.neuilly","article_published_time":"2026-02-19T17:32:42+00:00","article_modified_time":"2026-03-26T09:38:28+00:00","og_image":[{"width":1409,"height":932,"url":"https:\/\/www.neuillysurmarne.fr\/wp-content\/uploads\/2025\/11\/cni-france-carte-didentite.jpg","type":"image\/jpeg"}],"author":"Laurie","twitter_card":"summary_large_image","twitter_misc":{"\u0643\u064f\u062a\u0628 \u0628\u0648\u0627\u0633\u0637\u0629":"Laurie","\u0648\u0642\u062a \u0627\u0644\u0642\u0631\u0627\u0621\u0629 \u0627\u0644\u0645\u064f\u0642\u062f\u0651\u0631":"3 \u062f\u0642\u0627\u0626\u0642"},"schema":{"@context":"https:\/\/schema.org","@graph":[{"@type":"Article","@id":"https:\/\/www.neuillysurmarne.fr\/pour-vos-titres-didentite-anticipez\/#article","isPartOf":{"@id":"https:\/\/www.neuillysurmarne.fr\/pour-vos-titres-didentite-anticipez\/"},"author":{"name":"Laurie","@id":"https:\/\/www.neuillysurmarne.fr\/es\/#\/schema\/person\/fc97a7b233f3533476c0f151a054a9d1"},"headline":"Pour vos titres d\u2019identit\u00e9, anticipez\u00a0!","datePublished":"2026-02-19T17:32:42+00:00","dateModified":"2026-03-26T09:38:28+00:00","mainEntityOfPage":{"@id":"https:\/\/www.neuillysurmarne.fr\/pour-vos-titres-didentite-anticipez\/"},"wordCount":433,"publisher":{"@id":"https:\/\/www.neuillysurmarne.fr\/es\/#organization"},"image":{"@id":"https:\/\/www.neuillysurmarne.fr\/pour-vos-titres-didentite-anticipez\/#primaryimage"},"thumbnailUrl":"https:\/\/www.neuillysurmarne.fr\/wp-content\/uploads\/2025\/11\/cni-france-carte-didentite.jpg","articleSection":["Actualit\u00e9"],"inLanguage":"ar"},{"@type":"WebPage","@id":"https:\/\/www.neuillysurmarne.fr\/pour-vos-titres-didentite-anticipez\/","url":"https:\/\/www.neuillysurmarne.fr\/pour-vos-titres-didentite-anticipez\/","name":"Pour vos titres d\u2019identit\u00e9, anticipez\u00a0! - Mairie de Neuilly-sur-Marne","isPartOf":{"@id":"https:\/\/www.neuillysurmarne.fr\/es\/#website"},"primaryImageOfPage":{"@id":"https:\/\/www.neuillysurmarne.fr\/pour-vos-titres-didentite-anticipez\/#primaryimage"},"image":{"@id":"https:\/\/www.neuillysurmarne.fr\/pour-vos-titres-didentite-anticipez\/#primaryimage"},"thumbnailUrl":"https:\/\/www.neuillysurmarne.fr\/wp-content\/uploads\/2025\/11\/cni-france-carte-didentite.jpg","datePublished":"2026-02-19T17:32:42+00:00","dateModified":"2026-03-26T09:38:28+00:00","breadcrumb":{"@id":"https:\/\/www.neuillysurmarne.fr\/pour-vos-titres-didentite-anticipez\/#breadcrumb"},"inLanguage":"ar","potentialAction":[{"@type":"ReadAction","target":["https:\/\/www.neuillysurmarne.fr\/pour-vos-titres-didentite-anticipez\/"]}]},{"@type":"ImageObject","inLanguage":"ar","@id":"https:\/\/www.neuillysurmarne.fr\/pour-vos-titres-didentite-anticipez\/#primaryimage","url":"https:\/\/www.neuillysurmarne.fr\/wp-content\/uploads\/2025\/11\/cni-france-carte-didentite.jpg","contentUrl":"https:\/\/www.neuillysurmarne.fr\/wp-content\/uploads\/2025\/11\/cni-france-carte-didentite.jpg","width":1409,"height":932},{"@type":"BreadcrumbList","@id":"https:\/\/www.neuillysurmarne.fr\/pour-vos-titres-didentite-anticipez\/#breadcrumb","itemListElement":[{"@type":"ListItem","position":1,"name":"Accueil","item":"https:\/\/www.neuillysurmarne.fr\/"},{"@type":"ListItem","position":2,"name":"Pour vos titres d\u2019identit\u00e9, anticipez\u00a0!"}]},{"@type":"WebSite","@id":"https:\/\/www.neuillysurmarne.fr\/es\/#website","url":"https:\/\/www.neuillysurmarne.fr\/es\/","name":"\u062f\u0627\u0631 \u0628\u0644\u062f\u064a\u0629 \u0646\u0648\u064a\u064a-\u0633\u0648\u0631-\u0645\u0627\u0631\u0646","description":"\u0628\u064a\u062a\u0627","publisher":{"@id":"https:\/\/www.neuillysurmarne.fr\/es\/#organization"},"potentialAction":[{"@type":"SearchAction","target":{"@type":"EntryPoint","urlTemplate":"https:\/\/www.neuillysurmarne.fr\/es\/?s={search_term_string}"},"query-input":{"@type":"PropertyValueSpecification","valueRequired":true,"valueName":"search_term_string"}}],"inLanguage":"ar"},{"@type":"Organization","@id":"https:\/\/www.neuillysurmarne.fr\/es\/#organization","name":"\u062f\u0627\u0631 \u0628\u0644\u062f\u064a\u0629 \u0646\u0648\u064a\u064a-\u0633\u0648\u0631-\u0645\u0627\u0631\u0646","url":"https:\/\/www.neuillysurmarne.fr\/es\/","logo":{"@type":"ImageObject","inLanguage":"ar","@id":"https:\/\/www.neuillysurmarne.fr\/es\/#\/schema\/logo\/image\/","url":"https:\/\/www.neuillysurmarne.fr\/wp-content\/uploads\/2023\/10\/LOGO-NeuillysurMarne-blanc.png","contentUrl":"https:\/\/www.neuillysurmarne.fr\/wp-content\/uploads\/2023\/10\/LOGO-NeuillysurMarne-blanc.png","width":3308,"height":2586,"caption":"Mairie de Neuilly-sur-Marne"},"image":{"@id":"https:\/\/www.neuillysurmarne.fr\/es\/#\/schema\/logo\/image\/"},"sameAs":["https:\/\/www.facebook.com\/ville.neuilly","https:\/\/www.instagram.com\/neuilly_marne\/","https:\/\/www.linkedin.com\/company\/ville-de-neuilly-sur-marne\/","https:\/\/www.youtube.com\/channel\/UCDdZ0TLrV8rfIqjBGvoeB5A","https:\/\/www.tiktok.com\/@villedeneuillysurmarne"]},{"@type":"Person","@id":"https:\/\/www.neuillysurmarne.fr\/es\/#\/schema\/person\/fc97a7b233f3533476c0f151a054a9d1","name":"Laurie","image":{"@type":"ImageObject","inLanguage":"ar","@id":"https:\/\/secure.gravatar.com\/avatar\/aed93f491b5b494ae0db0f36fde403661e12c84c81b737368b3df13d30768a94?s=96&d=mm&r=g","url":"https:\/\/secure.gravatar.com\/avatar\/aed93f491b5b494ae0db0f36fde403661e12c84c81b737368b3df13d30768a94?s=96&d=mm&r=g","contentUrl":"https:\/\/secure.gravatar.com\/avatar\/aed93f491b5b494ae0db0f36fde403661e12c84c81b737368b3df13d30768a94?s=96&d=mm&r=g","caption":"Laurie"},"url":"https:\/\/www.neuillysurmarne.fr\/ar\/author\/laurie\/"}]}},"_links":{"self":[{"href":"https:\/\/www.neuillysurmarne.fr\/ar\/wp-json\/wp\/v2\/posts\/17466","targetHints":{"allow":["GET"]}}],"collection":[{"href":"https:\/\/www.neuillysurmarne.fr\/ar\/wp-json\/wp\/v2\/posts"}],"about":[{"href":"https:\/\/www.neuillysurmarne.fr\/ar\/wp-json\/wp\/v2\/types\/post"}],"author":[{"embeddable":true,"href":"https:\/\/www.neuillysurmarne.fr\/ar\/wp-json\/wp\/v2\/users\/2"}],"replies":[{"embeddable":true,"href":"https:\/\/www.neuillysurmarne.fr\/ar\/wp-json\/wp\/v2\/comments?post=17466"}],"version-history":[{"count":2,"href":"https:\/\/www.neuillysurmarne.fr\/ar\/wp-json\/wp\/v2\/posts\/17466\/revisions"}],"predecessor-version":[{"id":17671,"href":"https:\/\/www.neuillysurmarne.fr\/ar\/wp-json\/wp\/v2\/posts\/17466\/revisions\/17671"}],"wp:featuredmedia":[{"embeddable":true,"href":"https:\/\/www.neuillysurmarne.fr\/ar\/wp-json\/wp\/v2\/media\/16792"}],"wp:attachment":[{"href":"https:\/\/www.neuillysurmarne.fr\/ar\/wp-json\/wp\/v2\/media?parent=17466"}],"wp:term":[{"taxonomy":"category","embeddable":true,"href":"https:\/\/www.neuillysurmarne.fr\/ar\/wp-json\/wp\/v2\/categories?post=17466"},{"taxonomy":"post_tag","embeddable":true,"href":"https:\/\/www.neuillysurmarne.fr\/ar\/wp-json\/wp\/v2\/tags?post=17466"}],"curies":[{"name":"wp","href":"https:\/\/api.w.org\/{rel}","templated":true}]}}