{"id":16255,"date":"2025-09-09T12:10:28","date_gmt":"2025-09-09T10:10:28","guid":{"rendered":"https:\/\/www.neuillysurmarne.fr\/?p=16255"},"modified":"2025-09-23T11:16:31","modified_gmt":"2025-09-23T09:16:31","slug":"appel-a-candidatures-location-de-kiosques-au-sein-du-concept-store-collectif-le-240","status":"publish","type":"post","link":"https:\/\/www.neuillysurmarne.fr\/de\/appel-a-candidatures-location-de-kiosques-au-sein-du-concept-store-collectif-le-240\/","title":{"rendered":"Appel \u00e0 candidatures \u2013 Location de kiosques au sein du concept store collectif \u201cLe 240\u201d"},"content":{"rendered":"<h3 data-start=\"118\" data-end=\"211\"><strong>Appel \u00e0 candidatures \u2013 Location de kiosques au sein du concept store collectif \u201cLe 240\u201d<\/strong><\/h3>\n<p data-start=\"213\" data-end=\"457\">La ville de Neuilly-sur-Marne lance un appel \u00e0 candidatures pour la location de <strong data-start=\"293\" data-end=\"328\">six kiosques de vente \u00e9ph\u00e9m\u00e8res<\/strong> au sein du nouveau concept store collectif <strong data-start=\"372\" data-end=\"384\">\u201cLe 240\u201d<\/strong>, situ\u00e9 en plein c\u0153ur de ville, sur la place de l\u2019\u00e9glise Saint-Baudile.<\/p>\n<p data-start=\"459\" data-end=\"528\">Ce lieu convivial, hybride et anim\u00e9 a pour vocation de rassembler :<\/p>\n<ul>\n<li data-start=\"459\" data-end=\"528\">une offre de petite restauration (sandwichs, th\u00e9, caf\u00e9, bi\u00e8res, planches de charcuterie)<\/li>\n<li data-start=\"459\" data-end=\"528\">un espace d\u00e9tente<\/li>\n<li data-start=\"459\" data-end=\"528\">un espace d\u00e9di\u00e9 aux artisans, cr\u00e9ateurs et commer\u00e7ants.<\/li>\n<\/ul>\n<p data-start=\"707\" data-end=\"859\">Ouvert du mercredi au samedi de 11h \u00e0 20h et le dimanche de 9h30 \u00e0 14h, \u201cLe 240\u201d se veut un espace <strong data-start=\"806\" data-end=\"832\">vivant et collaboratif<\/strong> permettant \u00e0 chacun d&rsquo;exposer et vendre ses cr\u00e9ations, proposer des ateliers, d\u00e9monstrations ou \u00e9v\u00e9nements, rejoindre une communaut\u00e9 de talents locaux et contribuer \u00e0 la dynamique du centre-ville.<\/p>\n<h3><strong>Public concern\u00e9<\/strong><\/h3>\n<p data-start=\"1070\" data-end=\"1277\">Cet appel \u00e0 candidatures s\u2019adresse aussi bien aux <strong data-start=\"1120\" data-end=\"1138\">professionnels<\/strong> (cr\u00e9ateurs, artisans, commer\u00e7ants) qu\u2019aux <strong data-start=\"1181\" data-end=\"1208\">particuliers passionn\u00e9s<\/strong> souhaitant partager leur savoir-faire ou valoriser leurs produits.<\/p>\n<h3 data-start=\"1279\" data-end=\"1309\"><strong>Modalit\u00e9s de candidature<\/strong><\/h3>\n<p data-start=\"1310\" data-end=\"1342\">Les candidats sont invit\u00e9s \u00e0 :<\/p>\n<ul>\n<li data-start=\"1310\" data-end=\"1342\">remplir le <strong><a href=\"https:\/\/www.neuillysurmarne.fr\/wp-content\/uploads\/2025\/09\/Appel-a-candidature-kiosque-1.pdf\">formulaire de candidature en cliquant ici<\/a><\/strong><\/li>\n<li data-start=\"1310\" data-end=\"1342\">fournir les pi\u00e8ces demand\u00e9es<\/li>\n<li data-start=\"1310\" data-end=\"1342\">transmettre leur dossier complet par courriel \u00e0 <strong data-start=\"1519\" data-end=\"1550\"><a class=\"decorated-link cursor-pointer\" href=\"mailto:commerce@neuillysurmarne.fr\" rel=\"noopener\" data-start=\"1521\" data-end=\"1548\">commerce@neuillysurmarne.fr<\/a><\/strong> ou par courrier \u00e0 l\u2019adresse suivante :<br data-start=\"1589\" data-end=\"1592\" \/><strong data-start=\"1592\" data-end=\"1642\">Mairie de Neuilly-sur-Marne \u2013 Service Commerce<\/strong><br data-start=\"1642\" data-end=\"1645\" \/>1, place Fran\u00e7ois-Mitterrand<br data-start=\"1673\" data-end=\"1676\" \/>93330 Neuilly-sur-Marne<\/li>\n<\/ul>\n<p><a href=\"https:\/\/www.neuillysurmarne.fr\/wp-content\/uploads\/2025\/09\/V3-appel-a-candidature.png\"><img fetchpriority=\"high\" decoding=\"async\" class=\"aligncenter wp-image-16363 size-large\" src=\"https:\/\/www.neuillysurmarne.fr\/wp-content\/uploads\/2025\/09\/V3-appel-a-candidature-721x1024.png\" alt=\"\" width=\"721\" height=\"1024\" srcset=\"https:\/\/www.neuillysurmarne.fr\/wp-content\/uploads\/2025\/09\/V3-appel-a-candidature-721x1024.png 721w, https:\/\/www.neuillysurmarne.fr\/wp-content\/uploads\/2025\/09\/V3-appel-a-candidature-211x300.png 211w, https:\/\/www.neuillysurmarne.fr\/wp-content\/uploads\/2025\/09\/V3-appel-a-candidature-768x1090.png 768w, https:\/\/www.neuillysurmarne.fr\/wp-content\/uploads\/2025\/09\/V3-appel-a-candidature-1082x1536.png 1082w, https:\/\/www.neuillysurmarne.fr\/wp-content\/uploads\/2025\/09\/V3-appel-a-candidature-1443x2048.png 1443w, https:\/\/www.neuillysurmarne.fr\/wp-content\/uploads\/2025\/09\/V3-appel-a-candidature-8x12.png 8w, https:\/\/www.neuillysurmarne.fr\/wp-content\/uploads\/2025\/09\/V3-appel-a-candidature.png 1748w\" sizes=\"(max-width: 721px) 100vw, 721px\" \/><\/a><\/p>","protected":false},"excerpt":{"rendered":"<p>Appel \u00e0 candidatures \u2013 Location de kiosques au sein du concept store collectif \u201cLe 240\u201d La ville de Neuilly-sur-Marne lance un appel \u00e0 candidatures pour la location de six kiosques de vente \u00e9ph\u00e9m\u00e8res au sein du nouveau concept store collectif \u201cLe 240\u201d, situ\u00e9 en plein c\u0153ur de ville, sur la place de l\u2019\u00e9glise Saint-Baudile. Ce [&hellip;]<\/p>\n","protected":false},"author":2,"featured_media":16257,"comment_status":"closed","ping_status":"closed","sticky":false,"template":"","format":"standard","meta":{"_acf_changed":false,"footnotes":""},"categories":[242],"tags":[],"class_list":["post-16255","post","type-post","status-publish","format-standard","has-post-thumbnail","hentry","category-actualite"],"acf":[],"yoast_head":"<!-- This site is optimized with the Yoast SEO plugin v27.4 - https:\/\/yoast.com\/product\/yoast-seo-wordpress\/ -->\n<title>Appel \u00e0 candidatures \u2013 Location de kiosques au sein du concept store collectif \u201cLe 240\u201d - Mairie de Neuilly-sur-Marne<\/title>\n<meta name=\"robots\" content=\"index, follow, max-snippet:-1, max-image-preview:large, max-video-preview:-1\" \/>\n<link rel=\"canonical\" href=\"https:\/\/www.neuillysurmarne.fr\/de\/appel-a-candidatures-location-de-kiosques-au-sein-du-concept-store-collectif-le-240\/\" \/>\n<meta property=\"og:locale\" content=\"de_DE\" \/>\n<meta property=\"og:type\" content=\"article\" \/>\n<meta property=\"og:title\" content=\"Appel \u00e0 candidatures \u2013 Location de kiosques au sein du concept store collectif \u201cLe 240\u201d - Mairie de Neuilly-sur-Marne\" \/>\n<meta property=\"og:description\" content=\"Appel \u00e0 candidatures \u2013 Location de kiosques au sein du concept store collectif \u201cLe 240\u201d La ville de Neuilly-sur-Marne lance un appel \u00e0 candidatures pour la location de six kiosques de vente \u00e9ph\u00e9m\u00e8res au sein du nouveau concept store collectif \u201cLe 240\u201d, situ\u00e9 en plein c\u0153ur de ville, sur la place de l\u2019\u00e9glise Saint-Baudile. Ce [&hellip;]\" \/>\n<meta property=\"og:url\" content=\"https:\/\/www.neuillysurmarne.fr\/de\/appel-a-candidatures-location-de-kiosques-au-sein-du-concept-store-collectif-le-240\/\" \/>\n<meta property=\"og:site_name\" content=\"Mairie de Neuilly-sur-Marne\" \/>\n<meta property=\"article:publisher\" content=\"https:\/\/www.facebook.com\/ville.neuilly\" \/>\n<meta property=\"article:published_time\" content=\"2025-09-09T10:10:28+00:00\" \/>\n<meta property=\"article:modified_time\" content=\"2025-09-23T09:16:31+00:00\" \/>\n<meta property=\"og:image\" content=\"https:\/\/www.neuillysurmarne.fr\/wp-content\/uploads\/2025\/09\/image00005-1-scaled.jpeg\" \/>\n\t<meta property=\"og:image:width\" content=\"1920\" \/>\n\t<meta property=\"og:image:height\" content=\"2560\" \/>\n\t<meta property=\"og:image:type\" content=\"image\/jpeg\" \/>\n<meta name=\"author\" content=\"Laurie\" \/>\n<meta name=\"twitter:card\" content=\"summary_large_image\" \/>\n<meta name=\"twitter:label1\" content=\"Verfasst von\" \/>\n\t<meta name=\"twitter:data1\" content=\"Laurie\" \/>\n\t<meta name=\"twitter:label2\" content=\"Gesch\u00e4tzte Lesezeit\" \/>\n\t<meta name=\"twitter:data2\" content=\"2\u00a0Minuten\" \/>\n<script type=\"application\/ld+json\" class=\"yoast-schema-graph\">{\"@context\":\"https:\\\/\\\/schema.org\",\"@graph\":[{\"@type\":\"Article\",\"@id\":\"https:\\\/\\\/www.neuillysurmarne.fr\\\/appel-a-candidatures-location-de-kiosques-au-sein-du-concept-store-collectif-le-240\\\/#article\",\"isPartOf\":{\"@id\":\"https:\\\/\\\/www.neuillysurmarne.fr\\\/appel-a-candidatures-location-de-kiosques-au-sein-du-concept-store-collectif-le-240\\\/\"},\"author\":{\"name\":\"Laurie\",\"@id\":\"https:\\\/\\\/www.neuillysurmarne.fr\\\/es\\\/#\\\/schema\\\/person\\\/fc97a7b233f3533476c0f151a054a9d1\"},\"headline\":\"Appel \u00e0 candidatures \u2013 Location de kiosques au sein du concept store collectif \u201cLe 240\u201d\",\"datePublished\":\"2025-09-09T10:10:28+00:00\",\"dateModified\":\"2025-09-23T09:16:31+00:00\",\"mainEntityOfPage\":{\"@id\":\"https:\\\/\\\/www.neuillysurmarne.fr\\\/appel-a-candidatures-location-de-kiosques-au-sein-du-concept-store-collectif-le-240\\\/\"},\"wordCount\":231,\"publisher\":{\"@id\":\"https:\\\/\\\/www.neuillysurmarne.fr\\\/es\\\/#organization\"},\"image\":{\"@id\":\"https:\\\/\\\/www.neuillysurmarne.fr\\\/appel-a-candidatures-location-de-kiosques-au-sein-du-concept-store-collectif-le-240\\\/#primaryimage\"},\"thumbnailUrl\":\"https:\\\/\\\/www.neuillysurmarne.fr\\\/wp-content\\\/uploads\\\/2025\\\/09\\\/image00005-1-scaled.jpeg\",\"articleSection\":[\"Actualit\u00e9\"],\"inLanguage\":\"de\"},{\"@type\":\"WebPage\",\"@id\":\"https:\\\/\\\/www.neuillysurmarne.fr\\\/appel-a-candidatures-location-de-kiosques-au-sein-du-concept-store-collectif-le-240\\\/\",\"url\":\"https:\\\/\\\/www.neuillysurmarne.fr\\\/appel-a-candidatures-location-de-kiosques-au-sein-du-concept-store-collectif-le-240\\\/\",\"name\":\"Appel \u00e0 candidatures \u2013 Location de kiosques au sein du concept store collectif \u201cLe 240\u201d - Mairie de Neuilly-sur-Marne\",\"isPartOf\":{\"@id\":\"https:\\\/\\\/www.neuillysurmarne.fr\\\/es\\\/#website\"},\"primaryImageOfPage\":{\"@id\":\"https:\\\/\\\/www.neuillysurmarne.fr\\\/appel-a-candidatures-location-de-kiosques-au-sein-du-concept-store-collectif-le-240\\\/#primaryimage\"},\"image\":{\"@id\":\"https:\\\/\\\/www.neuillysurmarne.fr\\\/appel-a-candidatures-location-de-kiosques-au-sein-du-concept-store-collectif-le-240\\\/#primaryimage\"},\"thumbnailUrl\":\"https:\\\/\\\/www.neuillysurmarne.fr\\\/wp-content\\\/uploads\\\/2025\\\/09\\\/image00005-1-scaled.jpeg\",\"datePublished\":\"2025-09-09T10:10:28+00:00\",\"dateModified\":\"2025-09-23T09:16:31+00:00\",\"breadcrumb\":{\"@id\":\"https:\\\/\\\/www.neuillysurmarne.fr\\\/appel-a-candidatures-location-de-kiosques-au-sein-du-concept-store-collectif-le-240\\\/#breadcrumb\"},\"inLanguage\":\"de\",\"potentialAction\":[{\"@type\":\"ReadAction\",\"target\":[\"https:\\\/\\\/www.neuillysurmarne.fr\\\/appel-a-candidatures-location-de-kiosques-au-sein-du-concept-store-collectif-le-240\\\/\"]}]},{\"@type\":\"ImageObject\",\"inLanguage\":\"de\",\"@id\":\"https:\\\/\\\/www.neuillysurmarne.fr\\\/appel-a-candidatures-location-de-kiosques-au-sein-du-concept-store-collectif-le-240\\\/#primaryimage\",\"url\":\"https:\\\/\\\/www.neuillysurmarne.fr\\\/wp-content\\\/uploads\\\/2025\\\/09\\\/image00005-1-scaled.jpeg\",\"contentUrl\":\"https:\\\/\\\/www.neuillysurmarne.fr\\\/wp-content\\\/uploads\\\/2025\\\/09\\\/image00005-1-scaled.jpeg\",\"width\":1920,\"height\":2560},{\"@type\":\"BreadcrumbList\",\"@id\":\"https:\\\/\\\/www.neuillysurmarne.fr\\\/appel-a-candidatures-location-de-kiosques-au-sein-du-concept-store-collectif-le-240\\\/#breadcrumb\",\"itemListElement\":[{\"@type\":\"ListItem\",\"position\":1,\"name\":\"Accueil\",\"item\":\"https:\\\/\\\/www.neuillysurmarne.fr\\\/\"},{\"@type\":\"ListItem\",\"position\":2,\"name\":\"Appel \u00e0 candidatures \u2013 Location de kiosques au sein du concept store collectif \u201cLe 240\u201d\"}]},{\"@type\":\"WebSite\",\"@id\":\"https:\\\/\\\/www.neuillysurmarne.fr\\\/es\\\/#website\",\"url\":\"https:\\\/\\\/www.neuillysurmarne.fr\\\/es\\\/\",\"name\":\"Mairie de Neuilly-sur-Marne\",\"description\":\"BETA\",\"publisher\":{\"@id\":\"https:\\\/\\\/www.neuillysurmarne.fr\\\/es\\\/#organization\"},\"potentialAction\":[{\"@type\":\"SearchAction\",\"target\":{\"@type\":\"EntryPoint\",\"urlTemplate\":\"https:\\\/\\\/www.neuillysurmarne.fr\\\/es\\\/?s={search_term_string}\"},\"query-input\":{\"@type\":\"PropertyValueSpecification\",\"valueRequired\":true,\"valueName\":\"search_term_string\"}}],\"inLanguage\":\"de\"},{\"@type\":\"Organization\",\"@id\":\"https:\\\/\\\/www.neuillysurmarne.fr\\\/es\\\/#organization\",\"name\":\"Mairie de Neuilly-sur-Marne\",\"url\":\"https:\\\/\\\/www.neuillysurmarne.fr\\\/es\\\/\",\"logo\":{\"@type\":\"ImageObject\",\"inLanguage\":\"de\",\"@id\":\"https:\\\/\\\/www.neuillysurmarne.fr\\\/es\\\/#\\\/schema\\\/logo\\\/image\\\/\",\"url\":\"https:\\\/\\\/www.neuillysurmarne.fr\\\/wp-content\\\/uploads\\\/2023\\\/10\\\/LOGO-NeuillysurMarne-blanc.png\",\"contentUrl\":\"https:\\\/\\\/www.neuillysurmarne.fr\\\/wp-content\\\/uploads\\\/2023\\\/10\\\/LOGO-NeuillysurMarne-blanc.png\",\"width\":3308,\"height\":2586,\"caption\":\"Mairie de Neuilly-sur-Marne\"},\"image\":{\"@id\":\"https:\\\/\\\/www.neuillysurmarne.fr\\\/es\\\/#\\\/schema\\\/logo\\\/image\\\/\"},\"sameAs\":[\"https:\\\/\\\/www.facebook.com\\\/ville.neuilly\",\"https:\\\/\\\/www.instagram.com\\\/neuilly_marne\\\/\",\"https:\\\/\\\/www.linkedin.com\\\/company\\\/ville-de-neuilly-sur-marne\\\/\",\"https:\\\/\\\/www.youtube.com\\\/channel\\\/UCDdZ0TLrV8rfIqjBGvoeB5A\",\"https:\\\/\\\/www.tiktok.com\\\/@villedeneuillysurmarne\"]},{\"@type\":\"Person\",\"@id\":\"https:\\\/\\\/www.neuillysurmarne.fr\\\/es\\\/#\\\/schema\\\/person\\\/fc97a7b233f3533476c0f151a054a9d1\",\"name\":\"Laurie\",\"image\":{\"@type\":\"ImageObject\",\"inLanguage\":\"de\",\"@id\":\"https:\\\/\\\/secure.gravatar.com\\\/avatar\\\/aed93f491b5b494ae0db0f36fde403661e12c84c81b737368b3df13d30768a94?s=96&d=mm&r=g\",\"url\":\"https:\\\/\\\/secure.gravatar.com\\\/avatar\\\/aed93f491b5b494ae0db0f36fde403661e12c84c81b737368b3df13d30768a94?s=96&d=mm&r=g\",\"contentUrl\":\"https:\\\/\\\/secure.gravatar.com\\\/avatar\\\/aed93f491b5b494ae0db0f36fde403661e12c84c81b737368b3df13d30768a94?s=96&d=mm&r=g\",\"caption\":\"Laurie\"},\"url\":\"https:\\\/\\\/www.neuillysurmarne.fr\\\/de\\\/author\\\/laurie\\\/\"}]}<\/script>\n<!-- \/ Yoast SEO plugin. -->","yoast_head_json":{"title":"Appel \u00e0 candidatures \u2013 Location de kiosques au sein du concept store collectif \u201cLe 240\u201d - Mairie de Neuilly-sur-Marne","robots":{"index":"index","follow":"follow","max-snippet":"max-snippet:-1","max-image-preview":"max-image-preview:large","max-video-preview":"max-video-preview:-1"},"canonical":"https:\/\/www.neuillysurmarne.fr\/de\/appel-a-candidatures-location-de-kiosques-au-sein-du-concept-store-collectif-le-240\/","og_locale":"de_DE","og_type":"article","og_title":"Appel \u00e0 candidatures \u2013 Location de kiosques au sein du concept store collectif \u201cLe 240\u201d - Mairie de Neuilly-sur-Marne","og_description":"Appel \u00e0 candidatures \u2013 Location de kiosques au sein du concept store collectif \u201cLe 240\u201d La ville de Neuilly-sur-Marne lance un appel \u00e0 candidatures pour la location de six kiosques de vente \u00e9ph\u00e9m\u00e8res au sein du nouveau concept store collectif \u201cLe 240\u201d, situ\u00e9 en plein c\u0153ur de ville, sur la place de l\u2019\u00e9glise Saint-Baudile. Ce [&hellip;]","og_url":"https:\/\/www.neuillysurmarne.fr\/de\/appel-a-candidatures-location-de-kiosques-au-sein-du-concept-store-collectif-le-240\/","og_site_name":"Mairie de Neuilly-sur-Marne","article_publisher":"https:\/\/www.facebook.com\/ville.neuilly","article_published_time":"2025-09-09T10:10:28+00:00","article_modified_time":"2025-09-23T09:16:31+00:00","og_image":[{"width":1920,"height":2560,"url":"https:\/\/www.neuillysurmarne.fr\/wp-content\/uploads\/2025\/09\/image00005-1-scaled.jpeg","type":"image\/jpeg"}],"author":"Laurie","twitter_card":"summary_large_image","twitter_misc":{"Verfasst von":"Laurie","Gesch\u00e4tzte Lesezeit":"2\u00a0Minuten"},"schema":{"@context":"https:\/\/schema.org","@graph":[{"@type":"Article","@id":"https:\/\/www.neuillysurmarne.fr\/appel-a-candidatures-location-de-kiosques-au-sein-du-concept-store-collectif-le-240\/#article","isPartOf":{"@id":"https:\/\/www.neuillysurmarne.fr\/appel-a-candidatures-location-de-kiosques-au-sein-du-concept-store-collectif-le-240\/"},"author":{"name":"Laurie","@id":"https:\/\/www.neuillysurmarne.fr\/es\/#\/schema\/person\/fc97a7b233f3533476c0f151a054a9d1"},"headline":"Appel \u00e0 candidatures \u2013 Location de kiosques au sein du concept store collectif \u201cLe 240\u201d","datePublished":"2025-09-09T10:10:28+00:00","dateModified":"2025-09-23T09:16:31+00:00","mainEntityOfPage":{"@id":"https:\/\/www.neuillysurmarne.fr\/appel-a-candidatures-location-de-kiosques-au-sein-du-concept-store-collectif-le-240\/"},"wordCount":231,"publisher":{"@id":"https:\/\/www.neuillysurmarne.fr\/es\/#organization"},"image":{"@id":"https:\/\/www.neuillysurmarne.fr\/appel-a-candidatures-location-de-kiosques-au-sein-du-concept-store-collectif-le-240\/#primaryimage"},"thumbnailUrl":"https:\/\/www.neuillysurmarne.fr\/wp-content\/uploads\/2025\/09\/image00005-1-scaled.jpeg","articleSection":["Actualit\u00e9"],"inLanguage":"de"},{"@type":"WebPage","@id":"https:\/\/www.neuillysurmarne.fr\/appel-a-candidatures-location-de-kiosques-au-sein-du-concept-store-collectif-le-240\/","url":"https:\/\/www.neuillysurmarne.fr\/appel-a-candidatures-location-de-kiosques-au-sein-du-concept-store-collectif-le-240\/","name":"Appel \u00e0 candidatures \u2013 Location de kiosques au sein du concept store collectif \u201cLe 240\u201d - Mairie de Neuilly-sur-Marne","isPartOf":{"@id":"https:\/\/www.neuillysurmarne.fr\/es\/#website"},"primaryImageOfPage":{"@id":"https:\/\/www.neuillysurmarne.fr\/appel-a-candidatures-location-de-kiosques-au-sein-du-concept-store-collectif-le-240\/#primaryimage"},"image":{"@id":"https:\/\/www.neuillysurmarne.fr\/appel-a-candidatures-location-de-kiosques-au-sein-du-concept-store-collectif-le-240\/#primaryimage"},"thumbnailUrl":"https:\/\/www.neuillysurmarne.fr\/wp-content\/uploads\/2025\/09\/image00005-1-scaled.jpeg","datePublished":"2025-09-09T10:10:28+00:00","dateModified":"2025-09-23T09:16:31+00:00","breadcrumb":{"@id":"https:\/\/www.neuillysurmarne.fr\/appel-a-candidatures-location-de-kiosques-au-sein-du-concept-store-collectif-le-240\/#breadcrumb"},"inLanguage":"de","potentialAction":[{"@type":"ReadAction","target":["https:\/\/www.neuillysurmarne.fr\/appel-a-candidatures-location-de-kiosques-au-sein-du-concept-store-collectif-le-240\/"]}]},{"@type":"ImageObject","inLanguage":"de","@id":"https:\/\/www.neuillysurmarne.fr\/appel-a-candidatures-location-de-kiosques-au-sein-du-concept-store-collectif-le-240\/#primaryimage","url":"https:\/\/www.neuillysurmarne.fr\/wp-content\/uploads\/2025\/09\/image00005-1-scaled.jpeg","contentUrl":"https:\/\/www.neuillysurmarne.fr\/wp-content\/uploads\/2025\/09\/image00005-1-scaled.jpeg","width":1920,"height":2560},{"@type":"BreadcrumbList","@id":"https:\/\/www.neuillysurmarne.fr\/appel-a-candidatures-location-de-kiosques-au-sein-du-concept-store-collectif-le-240\/#breadcrumb","itemListElement":[{"@type":"ListItem","position":1,"name":"Accueil","item":"https:\/\/www.neuillysurmarne.fr\/"},{"@type":"ListItem","position":2,"name":"Appel \u00e0 candidatures \u2013 Location de kiosques au sein du concept store collectif \u201cLe 240\u201d"}]},{"@type":"WebSite","@id":"https:\/\/www.neuillysurmarne.fr\/es\/#website","url":"https:\/\/www.neuillysurmarne.fr\/es\/","name":"Rathaus von Neuilly-sur-Marne","description":"BETA","publisher":{"@id":"https:\/\/www.neuillysurmarne.fr\/es\/#organization"},"potentialAction":[{"@type":"SearchAction","target":{"@type":"EntryPoint","urlTemplate":"https:\/\/www.neuillysurmarne.fr\/es\/?s={search_term_string}"},"query-input":{"@type":"PropertyValueSpecification","valueRequired":true,"valueName":"search_term_string"}}],"inLanguage":"de"},{"@type":"Organization","@id":"https:\/\/www.neuillysurmarne.fr\/es\/#organization","name":"Rathaus von Neuilly-sur-Marne","url":"https:\/\/www.neuillysurmarne.fr\/es\/","logo":{"@type":"ImageObject","inLanguage":"de","@id":"https:\/\/www.neuillysurmarne.fr\/es\/#\/schema\/logo\/image\/","url":"https:\/\/www.neuillysurmarne.fr\/wp-content\/uploads\/2023\/10\/LOGO-NeuillysurMarne-blanc.png","contentUrl":"https:\/\/www.neuillysurmarne.fr\/wp-content\/uploads\/2023\/10\/LOGO-NeuillysurMarne-blanc.png","width":3308,"height":2586,"caption":"Mairie de Neuilly-sur-Marne"},"image":{"@id":"https:\/\/www.neuillysurmarne.fr\/es\/#\/schema\/logo\/image\/"},"sameAs":["https:\/\/www.facebook.com\/ville.neuilly","https:\/\/www.instagram.com\/neuilly_marne\/","https:\/\/www.linkedin.com\/company\/ville-de-neuilly-sur-marne\/","https:\/\/www.youtube.com\/channel\/UCDdZ0TLrV8rfIqjBGvoeB5A","https:\/\/www.tiktok.com\/@villedeneuillysurmarne"]},{"@type":"Person","@id":"https:\/\/www.neuillysurmarne.fr\/es\/#\/schema\/person\/fc97a7b233f3533476c0f151a054a9d1","name":"Laurie","image":{"@type":"ImageObject","inLanguage":"de","@id":"https:\/\/secure.gravatar.com\/avatar\/aed93f491b5b494ae0db0f36fde403661e12c84c81b737368b3df13d30768a94?s=96&d=mm&r=g","url":"https:\/\/secure.gravatar.com\/avatar\/aed93f491b5b494ae0db0f36fde403661e12c84c81b737368b3df13d30768a94?s=96&d=mm&r=g","contentUrl":"https:\/\/secure.gravatar.com\/avatar\/aed93f491b5b494ae0db0f36fde403661e12c84c81b737368b3df13d30768a94?s=96&d=mm&r=g","caption":"Laurie"},"url":"https:\/\/www.neuillysurmarne.fr\/de\/author\/laurie\/"}]}},"_links":{"self":[{"href":"https:\/\/www.neuillysurmarne.fr\/de\/wp-json\/wp\/v2\/posts\/16255","targetHints":{"allow":["GET"]}}],"collection":[{"href":"https:\/\/www.neuillysurmarne.fr\/de\/wp-json\/wp\/v2\/posts"}],"about":[{"href":"https:\/\/www.neuillysurmarne.fr\/de\/wp-json\/wp\/v2\/types\/post"}],"author":[{"embeddable":true,"href":"https:\/\/www.neuillysurmarne.fr\/de\/wp-json\/wp\/v2\/users\/2"}],"replies":[{"embeddable":true,"href":"https:\/\/www.neuillysurmarne.fr\/de\/wp-json\/wp\/v2\/comments?post=16255"}],"version-history":[{"count":2,"href":"https:\/\/www.neuillysurmarne.fr\/de\/wp-json\/wp\/v2\/posts\/16255\/revisions"}],"predecessor-version":[{"id":16377,"href":"https:\/\/www.neuillysurmarne.fr\/de\/wp-json\/wp\/v2\/posts\/16255\/revisions\/16377"}],"wp:featuredmedia":[{"embeddable":true,"href":"https:\/\/www.neuillysurmarne.fr\/de\/wp-json\/wp\/v2\/media\/16257"}],"wp:attachment":[{"href":"https:\/\/www.neuillysurmarne.fr\/de\/wp-json\/wp\/v2\/media?parent=16255"}],"wp:term":[{"taxonomy":"category","embeddable":true,"href":"https:\/\/www.neuillysurmarne.fr\/de\/wp-json\/wp\/v2\/categories?post=16255"},{"taxonomy":"post_tag","embeddable":true,"href":"https:\/\/www.neuillysurmarne.fr\/de\/wp-json\/wp\/v2\/tags?post=16255"}],"curies":[{"name":"wp","href":"https:\/\/api.w.org\/{rel}","templated":true}]}}