{"id":15230,"date":"2025-05-27T15:41:38","date_gmt":"2025-05-27T13:41:38","guid":{"rendered":"https:\/\/www.neuillysurmarne.fr\/?p=15230"},"modified":"2025-05-27T15:41:38","modified_gmt":"2025-05-27T13:41:38","slug":"changement-de-nom-et-ou-prenom-renouvelez-vos-titres-didentite","status":"publish","type":"post","link":"https:\/\/www.neuillysurmarne.fr\/el\/changement-de-nom-et-ou-prenom-renouvelez-vos-titres-didentite\/","title":{"rendered":"Changement de nom et\/ou pr\u00e9nom : Renouvelez vos titres d&rsquo;identit\u00e9"},"content":{"rendered":"<h3><strong>Vous avez chang\u00e9 de nom et\/ou de pr\u00e9nom ? Vous devez renouvelez votre carte nationale d&rsquo;identit\u00e9 et votre passeport !<\/strong><\/h3>\n<p>\u00c0 partir de la rentr\u00e9e 2025, <strong>toute personne ayant chang\u00e9 de nom et\/ou de pr\u00e9nom verra automatiquement ses anciens titres d&rsquo;identit\u00e9 invalid\u00e9s dans un d\u00e9lai de 3 mois apr\u00e8s la mise \u00e0 jour de son acte de naissance<\/strong>. Cette mesure vise \u00e0 garantir la coh\u00e9rence des documents d&rsquo;identit\u00e9 et \u00e0 pr\u00e9venir les risques de double identit\u00e9.<\/p>\n<p>Cette d\u00e9marche est obligatoire m\u00eame si vos titres d&rsquo;identit\u00e9 sont encore valides.<\/p>\n<h3><strong>Ce qu&rsquo;il faut faire en cas de changement de nom et\/ou pr\u00e9nom<\/strong><\/h3>\n<ul>\n<li>Renouvelez votre titres d&rsquo;identit\u00e9 d\u00e8s l&rsquo;actualisation de votre acte de naissance<\/li>\n<li>Prenez rendez-vous en mairie et rassemblez les justificatifs (dont l&rsquo;acte modifi\u00e9).<\/li>\n<li>Conservez vos anciens titres : le renouvellement est gratuit si vous les pr\u00e9sentez.<\/li>\n<li>Mettez \u00e0 jour vos autres documents : permis de conduire, carte vitale&#8230;<\/li>\n<li>Informez les administrations de votre changement d&rsquo;\u00e9tat civil.<\/li>\n<\/ul>\n<p>&nbsp;<\/p>\n<p><em>\u00c0 noter : L&rsquo;usage d&rsquo;un titre qui ne correspond pas \u00e0 votre \u00e9tat civil est puni de 5 ans d&#8217;emprisonnement maximum et d&rsquo;une amende pouvant aller jusqu&rsquo;\u00e0 50 000 \u20ac. <strong><a href=\"https:\/\/www.service-public.fr\/particuliers\/vosdroits\/F36379\">Plus d&rsquo;informations en cliquant ici<\/a><\/strong>.<\/em><\/p>","protected":false},"excerpt":{"rendered":"<p>Vous avez chang\u00e9 de nom et\/ou de pr\u00e9nom ? Vous devez renouvelez votre carte nationale d&rsquo;identit\u00e9 et votre passeport ! \u00c0 partir de la rentr\u00e9e 2025, toute personne ayant chang\u00e9 de nom et\/ou de pr\u00e9nom verra automatiquement ses anciens titres d&rsquo;identit\u00e9 invalid\u00e9s dans un d\u00e9lai de 3 mois apr\u00e8s la mise \u00e0 jour de son [&hellip;]<\/p>\n","protected":false},"author":2,"featured_media":15231,"comment_status":"closed","ping_status":"closed","sticky":false,"template":"","format":"standard","meta":{"_acf_changed":false,"footnotes":""},"categories":[242],"tags":[],"class_list":["post-15230","post","type-post","status-publish","format-standard","has-post-thumbnail","hentry","category-actualite"],"acf":[],"yoast_head":"<!-- This site is optimized with the Yoast SEO plugin v27.4 - https:\/\/yoast.com\/product\/yoast-seo-wordpress\/ -->\n<title>Changement de nom et\/ou pr\u00e9nom : Renouvelez vos titres d&#039;identit\u00e9 - Mairie de Neuilly-sur-Marne<\/title>\n<meta name=\"robots\" content=\"index, follow, max-snippet:-1, max-image-preview:large, max-video-preview:-1\" \/>\n<link rel=\"canonical\" href=\"https:\/\/www.neuillysurmarne.fr\/el\/changement-de-nom-et-ou-prenom-renouvelez-vos-titres-didentite\/\" \/>\n<meta property=\"og:locale\" content=\"el_GR\" \/>\n<meta property=\"og:type\" content=\"article\" \/>\n<meta property=\"og:title\" content=\"Changement de nom et\/ou pr\u00e9nom : Renouvelez vos titres d&#039;identit\u00e9 - Mairie de Neuilly-sur-Marne\" \/>\n<meta property=\"og:description\" content=\"Vous avez chang\u00e9 de nom et\/ou de pr\u00e9nom ? Vous devez renouvelez votre carte nationale d&rsquo;identit\u00e9 et votre passeport ! \u00c0 partir de la rentr\u00e9e 2025, toute personne ayant chang\u00e9 de nom et\/ou de pr\u00e9nom verra automatiquement ses anciens titres d&rsquo;identit\u00e9 invalid\u00e9s dans un d\u00e9lai de 3 mois apr\u00e8s la mise \u00e0 jour de son [&hellip;]\" \/>\n<meta property=\"og:url\" content=\"https:\/\/www.neuillysurmarne.fr\/el\/changement-de-nom-et-ou-prenom-renouvelez-vos-titres-didentite\/\" \/>\n<meta property=\"og:site_name\" content=\"Mairie de Neuilly-sur-Marne\" \/>\n<meta property=\"article:publisher\" content=\"https:\/\/www.facebook.com\/ville.neuilly\" \/>\n<meta property=\"article:published_time\" content=\"2025-05-27T13:41:38+00:00\" \/>\n<meta property=\"og:image\" content=\"https:\/\/www.neuillysurmarne.fr\/wp-content\/uploads\/2025\/05\/AdobeStock_481863650_Editorial_Use_Only-scaled.jpeg\" \/>\n\t<meta property=\"og:image:width\" content=\"2560\" \/>\n\t<meta property=\"og:image:height\" content=\"1700\" \/>\n\t<meta property=\"og:image:type\" content=\"image\/jpeg\" \/>\n<meta name=\"author\" content=\"Laurie\" \/>\n<meta name=\"twitter:card\" content=\"summary_large_image\" \/>\n<meta name=\"twitter:label1\" content=\"\u03a3\u03c5\u03bd\u03c4\u03ac\u03c7\u03b8\u03b7\u03ba\u03b5 \u03b1\u03c0\u03cc\" \/>\n\t<meta name=\"twitter:data1\" content=\"Laurie\" \/>\n\t<meta name=\"twitter:label2\" content=\"\u0395\u03ba\u03c4\u03b9\u03bc\u03ce\u03bc\u03b5\u03bd\u03bf\u03c2 \u03c7\u03c1\u03cc\u03bd\u03bf\u03c2 \u03b1\u03bd\u03ac\u03b3\u03bd\u03c9\u03c3\u03b7\u03c2\" \/>\n\t<meta name=\"twitter:data2\" content=\"2 \u03bb\u03b5\u03c0\u03c4\u03ac\" \/>\n<script type=\"application\/ld+json\" class=\"yoast-schema-graph\">{\"@context\":\"https:\\\/\\\/schema.org\",\"@graph\":[{\"@type\":\"Article\",\"@id\":\"https:\\\/\\\/www.neuillysurmarne.fr\\\/changement-de-nom-et-ou-prenom-renouvelez-vos-titres-didentite\\\/#article\",\"isPartOf\":{\"@id\":\"https:\\\/\\\/www.neuillysurmarne.fr\\\/changement-de-nom-et-ou-prenom-renouvelez-vos-titres-didentite\\\/\"},\"author\":{\"name\":\"Laurie\",\"@id\":\"https:\\\/\\\/www.neuillysurmarne.fr\\\/es\\\/#\\\/schema\\\/person\\\/fc97a7b233f3533476c0f151a054a9d1\"},\"headline\":\"Changement de nom et\\\/ou pr\u00e9nom : Renouvelez vos titres d&rsquo;identit\u00e9\",\"datePublished\":\"2025-05-27T13:41:38+00:00\",\"mainEntityOfPage\":{\"@id\":\"https:\\\/\\\/www.neuillysurmarne.fr\\\/changement-de-nom-et-ou-prenom-renouvelez-vos-titres-didentite\\\/\"},\"wordCount\":215,\"publisher\":{\"@id\":\"https:\\\/\\\/www.neuillysurmarne.fr\\\/es\\\/#organization\"},\"image\":{\"@id\":\"https:\\\/\\\/www.neuillysurmarne.fr\\\/changement-de-nom-et-ou-prenom-renouvelez-vos-titres-didentite\\\/#primaryimage\"},\"thumbnailUrl\":\"https:\\\/\\\/www.neuillysurmarne.fr\\\/wp-content\\\/uploads\\\/2025\\\/05\\\/AdobeStock_481863650_Editorial_Use_Only-scaled.jpeg\",\"articleSection\":[\"Actualit\u00e9\"],\"inLanguage\":\"el\"},{\"@type\":\"WebPage\",\"@id\":\"https:\\\/\\\/www.neuillysurmarne.fr\\\/changement-de-nom-et-ou-prenom-renouvelez-vos-titres-didentite\\\/\",\"url\":\"https:\\\/\\\/www.neuillysurmarne.fr\\\/changement-de-nom-et-ou-prenom-renouvelez-vos-titres-didentite\\\/\",\"name\":\"Changement de nom et\\\/ou pr\u00e9nom : Renouvelez vos titres d'identit\u00e9 - Mairie de Neuilly-sur-Marne\",\"isPartOf\":{\"@id\":\"https:\\\/\\\/www.neuillysurmarne.fr\\\/es\\\/#website\"},\"primaryImageOfPage\":{\"@id\":\"https:\\\/\\\/www.neuillysurmarne.fr\\\/changement-de-nom-et-ou-prenom-renouvelez-vos-titres-didentite\\\/#primaryimage\"},\"image\":{\"@id\":\"https:\\\/\\\/www.neuillysurmarne.fr\\\/changement-de-nom-et-ou-prenom-renouvelez-vos-titres-didentite\\\/#primaryimage\"},\"thumbnailUrl\":\"https:\\\/\\\/www.neuillysurmarne.fr\\\/wp-content\\\/uploads\\\/2025\\\/05\\\/AdobeStock_481863650_Editorial_Use_Only-scaled.jpeg\",\"datePublished\":\"2025-05-27T13:41:38+00:00\",\"breadcrumb\":{\"@id\":\"https:\\\/\\\/www.neuillysurmarne.fr\\\/changement-de-nom-et-ou-prenom-renouvelez-vos-titres-didentite\\\/#breadcrumb\"},\"inLanguage\":\"el\",\"potentialAction\":[{\"@type\":\"ReadAction\",\"target\":[\"https:\\\/\\\/www.neuillysurmarne.fr\\\/changement-de-nom-et-ou-prenom-renouvelez-vos-titres-didentite\\\/\"]}]},{\"@type\":\"ImageObject\",\"inLanguage\":\"el\",\"@id\":\"https:\\\/\\\/www.neuillysurmarne.fr\\\/changement-de-nom-et-ou-prenom-renouvelez-vos-titres-didentite\\\/#primaryimage\",\"url\":\"https:\\\/\\\/www.neuillysurmarne.fr\\\/wp-content\\\/uploads\\\/2025\\\/05\\\/AdobeStock_481863650_Editorial_Use_Only-scaled.jpeg\",\"contentUrl\":\"https:\\\/\\\/www.neuillysurmarne.fr\\\/wp-content\\\/uploads\\\/2025\\\/05\\\/AdobeStock_481863650_Editorial_Use_Only-scaled.jpeg\",\"width\":2560,\"height\":1700,\"caption\":\"Passeport biom\u00e9trique fran\u00e7ais avec une carte d'identit\u00e9 dedans sur une table en bois\"},{\"@type\":\"BreadcrumbList\",\"@id\":\"https:\\\/\\\/www.neuillysurmarne.fr\\\/changement-de-nom-et-ou-prenom-renouvelez-vos-titres-didentite\\\/#breadcrumb\",\"itemListElement\":[{\"@type\":\"ListItem\",\"position\":1,\"name\":\"Accueil\",\"item\":\"https:\\\/\\\/www.neuillysurmarne.fr\\\/\"},{\"@type\":\"ListItem\",\"position\":2,\"name\":\"Changement de nom et\\\/ou pr\u00e9nom : Renouvelez vos titres d&rsquo;identit\u00e9\"}]},{\"@type\":\"WebSite\",\"@id\":\"https:\\\/\\\/www.neuillysurmarne.fr\\\/es\\\/#website\",\"url\":\"https:\\\/\\\/www.neuillysurmarne.fr\\\/es\\\/\",\"name\":\"Mairie de Neuilly-sur-Marne\",\"description\":\"BETA\",\"publisher\":{\"@id\":\"https:\\\/\\\/www.neuillysurmarne.fr\\\/es\\\/#organization\"},\"potentialAction\":[{\"@type\":\"SearchAction\",\"target\":{\"@type\":\"EntryPoint\",\"urlTemplate\":\"https:\\\/\\\/www.neuillysurmarne.fr\\\/es\\\/?s={search_term_string}\"},\"query-input\":{\"@type\":\"PropertyValueSpecification\",\"valueRequired\":true,\"valueName\":\"search_term_string\"}}],\"inLanguage\":\"el\"},{\"@type\":\"Organization\",\"@id\":\"https:\\\/\\\/www.neuillysurmarne.fr\\\/es\\\/#organization\",\"name\":\"Mairie de Neuilly-sur-Marne\",\"url\":\"https:\\\/\\\/www.neuillysurmarne.fr\\\/es\\\/\",\"logo\":{\"@type\":\"ImageObject\",\"inLanguage\":\"el\",\"@id\":\"https:\\\/\\\/www.neuillysurmarne.fr\\\/es\\\/#\\\/schema\\\/logo\\\/image\\\/\",\"url\":\"https:\\\/\\\/www.neuillysurmarne.fr\\\/wp-content\\\/uploads\\\/2023\\\/10\\\/LOGO-NeuillysurMarne-blanc.png\",\"contentUrl\":\"https:\\\/\\\/www.neuillysurmarne.fr\\\/wp-content\\\/uploads\\\/2023\\\/10\\\/LOGO-NeuillysurMarne-blanc.png\",\"width\":3308,\"height\":2586,\"caption\":\"Mairie de Neuilly-sur-Marne\"},\"image\":{\"@id\":\"https:\\\/\\\/www.neuillysurmarne.fr\\\/es\\\/#\\\/schema\\\/logo\\\/image\\\/\"},\"sameAs\":[\"https:\\\/\\\/www.facebook.com\\\/ville.neuilly\",\"https:\\\/\\\/www.instagram.com\\\/neuilly_marne\\\/\",\"https:\\\/\\\/www.linkedin.com\\\/company\\\/ville-de-neuilly-sur-marne\\\/\",\"https:\\\/\\\/www.youtube.com\\\/channel\\\/UCDdZ0TLrV8rfIqjBGvoeB5A\",\"https:\\\/\\\/www.tiktok.com\\\/@villedeneuillysurmarne\"]},{\"@type\":\"Person\",\"@id\":\"https:\\\/\\\/www.neuillysurmarne.fr\\\/es\\\/#\\\/schema\\\/person\\\/fc97a7b233f3533476c0f151a054a9d1\",\"name\":\"Laurie\",\"image\":{\"@type\":\"ImageObject\",\"inLanguage\":\"el\",\"@id\":\"https:\\\/\\\/secure.gravatar.com\\\/avatar\\\/aed93f491b5b494ae0db0f36fde403661e12c84c81b737368b3df13d30768a94?s=96&d=mm&r=g\",\"url\":\"https:\\\/\\\/secure.gravatar.com\\\/avatar\\\/aed93f491b5b494ae0db0f36fde403661e12c84c81b737368b3df13d30768a94?s=96&d=mm&r=g\",\"contentUrl\":\"https:\\\/\\\/secure.gravatar.com\\\/avatar\\\/aed93f491b5b494ae0db0f36fde403661e12c84c81b737368b3df13d30768a94?s=96&d=mm&r=g\",\"caption\":\"Laurie\"},\"url\":\"https:\\\/\\\/www.neuillysurmarne.fr\\\/el\\\/author\\\/laurie\\\/\"}]}<\/script>\n<!-- \/ Yoast SEO plugin. -->","yoast_head_json":{"title":"Changement de nom et\/ou pr\u00e9nom : Renouvelez vos titres d'identit\u00e9 - Mairie de Neuilly-sur-Marne","robots":{"index":"index","follow":"follow","max-snippet":"max-snippet:-1","max-image-preview":"max-image-preview:large","max-video-preview":"max-video-preview:-1"},"canonical":"https:\/\/www.neuillysurmarne.fr\/el\/changement-de-nom-et-ou-prenom-renouvelez-vos-titres-didentite\/","og_locale":"el_GR","og_type":"article","og_title":"Changement de nom et\/ou pr\u00e9nom : Renouvelez vos titres d'identit\u00e9 - Mairie de Neuilly-sur-Marne","og_description":"Vous avez chang\u00e9 de nom et\/ou de pr\u00e9nom ? Vous devez renouvelez votre carte nationale d&rsquo;identit\u00e9 et votre passeport ! \u00c0 partir de la rentr\u00e9e 2025, toute personne ayant chang\u00e9 de nom et\/ou de pr\u00e9nom verra automatiquement ses anciens titres d&rsquo;identit\u00e9 invalid\u00e9s dans un d\u00e9lai de 3 mois apr\u00e8s la mise \u00e0 jour de son [&hellip;]","og_url":"https:\/\/www.neuillysurmarne.fr\/el\/changement-de-nom-et-ou-prenom-renouvelez-vos-titres-didentite\/","og_site_name":"Mairie de Neuilly-sur-Marne","article_publisher":"https:\/\/www.facebook.com\/ville.neuilly","article_published_time":"2025-05-27T13:41:38+00:00","og_image":[{"width":2560,"height":1700,"url":"https:\/\/www.neuillysurmarne.fr\/wp-content\/uploads\/2025\/05\/AdobeStock_481863650_Editorial_Use_Only-scaled.jpeg","type":"image\/jpeg"}],"author":"Laurie","twitter_card":"summary_large_image","twitter_misc":{"\u03a3\u03c5\u03bd\u03c4\u03ac\u03c7\u03b8\u03b7\u03ba\u03b5 \u03b1\u03c0\u03cc":"Laurie","\u0395\u03ba\u03c4\u03b9\u03bc\u03ce\u03bc\u03b5\u03bd\u03bf\u03c2 \u03c7\u03c1\u03cc\u03bd\u03bf\u03c2 \u03b1\u03bd\u03ac\u03b3\u03bd\u03c9\u03c3\u03b7\u03c2":"2 \u03bb\u03b5\u03c0\u03c4\u03ac"},"schema":{"@context":"https:\/\/schema.org","@graph":[{"@type":"Article","@id":"https:\/\/www.neuillysurmarne.fr\/changement-de-nom-et-ou-prenom-renouvelez-vos-titres-didentite\/#article","isPartOf":{"@id":"https:\/\/www.neuillysurmarne.fr\/changement-de-nom-et-ou-prenom-renouvelez-vos-titres-didentite\/"},"author":{"name":"Laurie","@id":"https:\/\/www.neuillysurmarne.fr\/es\/#\/schema\/person\/fc97a7b233f3533476c0f151a054a9d1"},"headline":"Changement de nom et\/ou pr\u00e9nom : Renouvelez vos titres d&rsquo;identit\u00e9","datePublished":"2025-05-27T13:41:38+00:00","mainEntityOfPage":{"@id":"https:\/\/www.neuillysurmarne.fr\/changement-de-nom-et-ou-prenom-renouvelez-vos-titres-didentite\/"},"wordCount":215,"publisher":{"@id":"https:\/\/www.neuillysurmarne.fr\/es\/#organization"},"image":{"@id":"https:\/\/www.neuillysurmarne.fr\/changement-de-nom-et-ou-prenom-renouvelez-vos-titres-didentite\/#primaryimage"},"thumbnailUrl":"https:\/\/www.neuillysurmarne.fr\/wp-content\/uploads\/2025\/05\/AdobeStock_481863650_Editorial_Use_Only-scaled.jpeg","articleSection":["Actualit\u00e9"],"inLanguage":"el"},{"@type":"WebPage","@id":"https:\/\/www.neuillysurmarne.fr\/changement-de-nom-et-ou-prenom-renouvelez-vos-titres-didentite\/","url":"https:\/\/www.neuillysurmarne.fr\/changement-de-nom-et-ou-prenom-renouvelez-vos-titres-didentite\/","name":"Changement de nom et\/ou pr\u00e9nom : Renouvelez vos titres d'identit\u00e9 - Mairie de Neuilly-sur-Marne","isPartOf":{"@id":"https:\/\/www.neuillysurmarne.fr\/es\/#website"},"primaryImageOfPage":{"@id":"https:\/\/www.neuillysurmarne.fr\/changement-de-nom-et-ou-prenom-renouvelez-vos-titres-didentite\/#primaryimage"},"image":{"@id":"https:\/\/www.neuillysurmarne.fr\/changement-de-nom-et-ou-prenom-renouvelez-vos-titres-didentite\/#primaryimage"},"thumbnailUrl":"https:\/\/www.neuillysurmarne.fr\/wp-content\/uploads\/2025\/05\/AdobeStock_481863650_Editorial_Use_Only-scaled.jpeg","datePublished":"2025-05-27T13:41:38+00:00","breadcrumb":{"@id":"https:\/\/www.neuillysurmarne.fr\/changement-de-nom-et-ou-prenom-renouvelez-vos-titres-didentite\/#breadcrumb"},"inLanguage":"el","potentialAction":[{"@type":"ReadAction","target":["https:\/\/www.neuillysurmarne.fr\/changement-de-nom-et-ou-prenom-renouvelez-vos-titres-didentite\/"]}]},{"@type":"ImageObject","inLanguage":"el","@id":"https:\/\/www.neuillysurmarne.fr\/changement-de-nom-et-ou-prenom-renouvelez-vos-titres-didentite\/#primaryimage","url":"https:\/\/www.neuillysurmarne.fr\/wp-content\/uploads\/2025\/05\/AdobeStock_481863650_Editorial_Use_Only-scaled.jpeg","contentUrl":"https:\/\/www.neuillysurmarne.fr\/wp-content\/uploads\/2025\/05\/AdobeStock_481863650_Editorial_Use_Only-scaled.jpeg","width":2560,"height":1700,"caption":"Passeport biom\u00e9trique fran\u00e7ais avec une carte d'identit\u00e9 dedans sur une table en bois"},{"@type":"BreadcrumbList","@id":"https:\/\/www.neuillysurmarne.fr\/changement-de-nom-et-ou-prenom-renouvelez-vos-titres-didentite\/#breadcrumb","itemListElement":[{"@type":"ListItem","position":1,"name":"Accueil","item":"https:\/\/www.neuillysurmarne.fr\/"},{"@type":"ListItem","position":2,"name":"Changement de nom et\/ou pr\u00e9nom : Renouvelez vos titres d&rsquo;identit\u00e9"}]},{"@type":"WebSite","@id":"https:\/\/www.neuillysurmarne.fr\/es\/#website","url":"https:\/\/www.neuillysurmarne.fr\/es\/","name":"\u0394\u03b7\u03bc\u03b1\u03c1\u03c7\u03b5\u03af\u03bf Neuilly-sur-Marne","description":"BETA","publisher":{"@id":"https:\/\/www.neuillysurmarne.fr\/es\/#organization"},"potentialAction":[{"@type":"SearchAction","target":{"@type":"EntryPoint","urlTemplate":"https:\/\/www.neuillysurmarne.fr\/es\/?s={search_term_string}"},"query-input":{"@type":"PropertyValueSpecification","valueRequired":true,"valueName":"search_term_string"}}],"inLanguage":"el"},{"@type":"Organization","@id":"https:\/\/www.neuillysurmarne.fr\/es\/#organization","name":"\u0394\u03b7\u03bc\u03b1\u03c1\u03c7\u03b5\u03af\u03bf Neuilly-sur-Marne","url":"https:\/\/www.neuillysurmarne.fr\/es\/","logo":{"@type":"ImageObject","inLanguage":"el","@id":"https:\/\/www.neuillysurmarne.fr\/es\/#\/schema\/logo\/image\/","url":"https:\/\/www.neuillysurmarne.fr\/wp-content\/uploads\/2023\/10\/LOGO-NeuillysurMarne-blanc.png","contentUrl":"https:\/\/www.neuillysurmarne.fr\/wp-content\/uploads\/2023\/10\/LOGO-NeuillysurMarne-blanc.png","width":3308,"height":2586,"caption":"Mairie de Neuilly-sur-Marne"},"image":{"@id":"https:\/\/www.neuillysurmarne.fr\/es\/#\/schema\/logo\/image\/"},"sameAs":["https:\/\/www.facebook.com\/ville.neuilly","https:\/\/www.instagram.com\/neuilly_marne\/","https:\/\/www.linkedin.com\/company\/ville-de-neuilly-sur-marne\/","https:\/\/www.youtube.com\/channel\/UCDdZ0TLrV8rfIqjBGvoeB5A","https:\/\/www.tiktok.com\/@villedeneuillysurmarne"]},{"@type":"Person","@id":"https:\/\/www.neuillysurmarne.fr\/es\/#\/schema\/person\/fc97a7b233f3533476c0f151a054a9d1","name":"Laurie","image":{"@type":"ImageObject","inLanguage":"el","@id":"https:\/\/secure.gravatar.com\/avatar\/aed93f491b5b494ae0db0f36fde403661e12c84c81b737368b3df13d30768a94?s=96&d=mm&r=g","url":"https:\/\/secure.gravatar.com\/avatar\/aed93f491b5b494ae0db0f36fde403661e12c84c81b737368b3df13d30768a94?s=96&d=mm&r=g","contentUrl":"https:\/\/secure.gravatar.com\/avatar\/aed93f491b5b494ae0db0f36fde403661e12c84c81b737368b3df13d30768a94?s=96&d=mm&r=g","caption":"Laurie"},"url":"https:\/\/www.neuillysurmarne.fr\/el\/author\/laurie\/"}]}},"_links":{"self":[{"href":"https:\/\/www.neuillysurmarne.fr\/el\/wp-json\/wp\/v2\/posts\/15230","targetHints":{"allow":["GET"]}}],"collection":[{"href":"https:\/\/www.neuillysurmarne.fr\/el\/wp-json\/wp\/v2\/posts"}],"about":[{"href":"https:\/\/www.neuillysurmarne.fr\/el\/wp-json\/wp\/v2\/types\/post"}],"author":[{"embeddable":true,"href":"https:\/\/www.neuillysurmarne.fr\/el\/wp-json\/wp\/v2\/users\/2"}],"replies":[{"embeddable":true,"href":"https:\/\/www.neuillysurmarne.fr\/el\/wp-json\/wp\/v2\/comments?post=15230"}],"version-history":[{"count":1,"href":"https:\/\/www.neuillysurmarne.fr\/el\/wp-json\/wp\/v2\/posts\/15230\/revisions"}],"predecessor-version":[{"id":15232,"href":"https:\/\/www.neuillysurmarne.fr\/el\/wp-json\/wp\/v2\/posts\/15230\/revisions\/15232"}],"wp:featuredmedia":[{"embeddable":true,"href":"https:\/\/www.neuillysurmarne.fr\/el\/wp-json\/wp\/v2\/media\/15231"}],"wp:attachment":[{"href":"https:\/\/www.neuillysurmarne.fr\/el\/wp-json\/wp\/v2\/media?parent=15230"}],"wp:term":[{"taxonomy":"category","embeddable":true,"href":"https:\/\/www.neuillysurmarne.fr\/el\/wp-json\/wp\/v2\/categories?post=15230"},{"taxonomy":"post_tag","embeddable":true,"href":"https:\/\/www.neuillysurmarne.fr\/el\/wp-json\/wp\/v2\/tags?post=15230"}],"curies":[{"name":"wp","href":"https:\/\/api.w.org\/{rel}","templated":true}]}}