{"id":11807,"date":"2024-06-10T20:50:08","date_gmt":"2024-06-10T18:50:08","guid":{"rendered":"https:\/\/www.neuillysurmarne.fr\/?p=11807"},"modified":"2024-07-04T20:53:18","modified_gmt":"2024-07-04T18:53:18","slug":"renovation-du-carrefour-a-feux-du-pont-des-trois-communes","status":"publish","type":"post","link":"https:\/\/www.neuillysurmarne.fr\/en\/renovation-du-carrefour-a-feux-du-pont-des-trois-communes\/","title":{"rendered":"Renovation of the Pont des Trois Communes traffic light junction"},"content":{"rendered":"<p><strong>Since 3 June, the D\u00e9partement de la Seine-Saint-Denis and the town of Neuilly-sur-Marne have been carrying out major works at the Pont des Trois Communes traffic-light junction. The work will last around two months, to improve safety for road users.\u00a0<\/strong><\/p>\n<p>The purpose of fitting a junction with a traffic light signal is to eliminate certain traffic conflicts between users. This conflict management requires compliance with a number of design and dimensioning rules.<\/p>\n<p>???? The Department of Seine-Saint-Denis is financing the renovation of the Pont des Trois Communes junction by <strong>four phases<\/strong>. Objectives : <strong>renovate traffic light signalling equipment<\/strong> and <strong>making pedestrian crossings safer<\/strong>.<\/p>\n<h3><strong>\u00a0From 3 to 14 June: reduction in eastbound traffic lanes\u00a0<\/strong><\/h3>\n<ul>\n<li>The blocks with mouths on Avenue Robert Schumann will be demolished.<\/li>\n<li>Instead of the original 3 lanes, traffic will be reduced to 1 lane in each direction.<\/li>\n<li>Traffic will be maintained in both directions, with a pinch in the south-east and south-north directions, the aim being to avoid bringing traffic to a standstill.<\/li>\n<\/ul>\n<h3><strong>\u00a0From 17 to 28 June: renovation of the cables on the west side\u00a0<\/strong><\/h3>\n<ul>\n<li>The traffic light cables will be renovated, pulled and then buried on the west side of the junction.<\/li>\n<li>Instead of the original 3 lanes, traffic will also be reduced to 1 lane in each direction.<\/li>\n<li>Traffic will alternate to the south of avenue Robert Schumann to create a pedestrian crossing.<\/li>\n<\/ul>\n<h3><strong>\u00a0From 1 to 5 July: renovation of pedestrian crossings\u00a0<\/strong><\/h3>\n<ul>\n<li>The pedestrian crossings at the junction will be renovated and the remaining cables buried.<\/li>\n<li>Instead of the original 2 lanes, traffic will be reduced to 1 lane.<\/li>\n<li>Traffic will be kept flowing on the west-north axis on an alternating basis. These half-lane works will keep traffic moving in the neighbourhood.<\/li>\n<\/ul>\n<h3><strong>\u00a0July: installation of the fibre\u00a0<\/strong><\/h3>\n<ul>\n<li>Throughout July, site teams will be laying the fibre optic cable.<\/li>\n<li>New traffic light masts will be installed at the junction.<\/li>\n<li>Continuity of traffic flow will not be affected by these changes in July.<\/li>\n<\/ul>\n<p><strong>????<\/strong><strong> The light-signalling equipment is due to come into service on 1 August at the latest.<\/strong><\/p>","protected":false},"excerpt":{"rendered":"<p>Depuis le 3 juin, le D\u00e9partement de la Seine-Saint-Denis et la ville de Neuilly-sur-Marne ont engag\u00e9 d\u2019importants travaux au niveau du carrefour \u00e0 feux du Pont des Trois communes. Le chantier va durer environ deux mois, pour offrir davantage de s\u00e9curit\u00e9 aux usagers.\u00a0 L\u2019\u00e9quipement d\u2019un carrefour avec une signalisation lumineuse tricolore a pour objectif de [&hellip;]<\/p>\n","protected":false},"author":2,"featured_media":11808,"comment_status":"closed","ping_status":"closed","sticky":false,"template":"","format":"standard","meta":{"_acf_changed":false,"footnotes":""},"categories":[242],"tags":[],"class_list":["post-11807","post","type-post","status-publish","format-standard","has-post-thumbnail","hentry","category-actualite"],"acf":[],"yoast_head":"<!-- This site is optimized with the Yoast SEO plugin v27.4 - https:\/\/yoast.com\/product\/yoast-seo-wordpress\/ -->\n<title>R\u00e9novation du carrefour \u00e0 feux du Pont des Trois communes - Mairie de Neuilly-sur-Marne<\/title>\n<meta name=\"robots\" content=\"index, follow, max-snippet:-1, max-image-preview:large, max-video-preview:-1\" \/>\n<link rel=\"canonical\" href=\"https:\/\/www.neuillysurmarne.fr\/en\/renovation-du-carrefour-a-feux-du-pont-des-trois-communes\/\" \/>\n<meta property=\"og:locale\" content=\"en_GB\" \/>\n<meta property=\"og:type\" content=\"article\" \/>\n<meta property=\"og:title\" content=\"R\u00e9novation du carrefour \u00e0 feux du Pont des Trois communes - Mairie de Neuilly-sur-Marne\" \/>\n<meta property=\"og:description\" content=\"Depuis le 3 juin, le D\u00e9partement de la Seine-Saint-Denis et la ville de Neuilly-sur-Marne ont engag\u00e9 d\u2019importants travaux au niveau du carrefour \u00e0 feux du Pont des Trois communes. Le chantier va durer environ deux mois, pour offrir davantage de s\u00e9curit\u00e9 aux usagers.\u00a0 L\u2019\u00e9quipement d\u2019un carrefour avec une signalisation lumineuse tricolore a pour objectif de [&hellip;]\" \/>\n<meta property=\"og:url\" content=\"https:\/\/www.neuillysurmarne.fr\/en\/renovation-du-carrefour-a-feux-du-pont-des-trois-communes\/\" \/>\n<meta property=\"og:site_name\" content=\"Mairie de Neuilly-sur-Marne\" \/>\n<meta property=\"article:publisher\" content=\"https:\/\/www.facebook.com\/ville.neuilly\" \/>\n<meta property=\"article:published_time\" content=\"2024-06-10T18:50:08+00:00\" \/>\n<meta property=\"article:modified_time\" content=\"2024-07-04T18:53:18+00:00\" \/>\n<meta property=\"og:image\" content=\"https:\/\/www.neuillysurmarne.fr\/wp-content\/uploads\/2024\/07\/Visite-M.Troussel-SSD-12.2022-19-scaled.jpg\" \/>\n\t<meta property=\"og:image:width\" content=\"2560\" \/>\n\t<meta property=\"og:image:height\" content=\"1707\" \/>\n\t<meta property=\"og:image:type\" content=\"image\/jpeg\" \/>\n<meta name=\"author\" content=\"Laurie\" \/>\n<meta name=\"twitter:card\" content=\"summary_large_image\" \/>\n<meta name=\"twitter:label1\" content=\"Written by\" \/>\n\t<meta name=\"twitter:data1\" content=\"Laurie\" \/>\n\t<meta name=\"twitter:label2\" content=\"Estimated reading time\" \/>\n\t<meta name=\"twitter:data2\" content=\"3 minutes\" \/>\n<script type=\"application\/ld+json\" class=\"yoast-schema-graph\">{\"@context\":\"https:\\\/\\\/schema.org\",\"@graph\":[{\"@type\":\"Article\",\"@id\":\"https:\\\/\\\/www.neuillysurmarne.fr\\\/renovation-du-carrefour-a-feux-du-pont-des-trois-communes\\\/#article\",\"isPartOf\":{\"@id\":\"https:\\\/\\\/www.neuillysurmarne.fr\\\/renovation-du-carrefour-a-feux-du-pont-des-trois-communes\\\/\"},\"author\":{\"name\":\"Laurie\",\"@id\":\"https:\\\/\\\/www.neuillysurmarne.fr\\\/es\\\/#\\\/schema\\\/person\\\/fc97a7b233f3533476c0f151a054a9d1\"},\"headline\":\"R\u00e9novation du carrefour \u00e0 feux du Pont des Trois communes\",\"datePublished\":\"2024-06-10T18:50:08+00:00\",\"dateModified\":\"2024-07-04T18:53:18+00:00\",\"mainEntityOfPage\":{\"@id\":\"https:\\\/\\\/www.neuillysurmarne.fr\\\/renovation-du-carrefour-a-feux-du-pont-des-trois-communes\\\/\"},\"wordCount\":412,\"publisher\":{\"@id\":\"https:\\\/\\\/www.neuillysurmarne.fr\\\/es\\\/#organization\"},\"image\":{\"@id\":\"https:\\\/\\\/www.neuillysurmarne.fr\\\/renovation-du-carrefour-a-feux-du-pont-des-trois-communes\\\/#primaryimage\"},\"thumbnailUrl\":\"https:\\\/\\\/www.neuillysurmarne.fr\\\/wp-content\\\/uploads\\\/2024\\\/07\\\/Visite-M.Troussel-SSD-12.2022-19-scaled.jpg\",\"articleSection\":[\"Actualit\u00e9\"],\"inLanguage\":\"en-GB\"},{\"@type\":\"WebPage\",\"@id\":\"https:\\\/\\\/www.neuillysurmarne.fr\\\/renovation-du-carrefour-a-feux-du-pont-des-trois-communes\\\/\",\"url\":\"https:\\\/\\\/www.neuillysurmarne.fr\\\/renovation-du-carrefour-a-feux-du-pont-des-trois-communes\\\/\",\"name\":\"R\u00e9novation du carrefour \u00e0 feux du Pont des Trois communes - Mairie de Neuilly-sur-Marne\",\"isPartOf\":{\"@id\":\"https:\\\/\\\/www.neuillysurmarne.fr\\\/es\\\/#website\"},\"primaryImageOfPage\":{\"@id\":\"https:\\\/\\\/www.neuillysurmarne.fr\\\/renovation-du-carrefour-a-feux-du-pont-des-trois-communes\\\/#primaryimage\"},\"image\":{\"@id\":\"https:\\\/\\\/www.neuillysurmarne.fr\\\/renovation-du-carrefour-a-feux-du-pont-des-trois-communes\\\/#primaryimage\"},\"thumbnailUrl\":\"https:\\\/\\\/www.neuillysurmarne.fr\\\/wp-content\\\/uploads\\\/2024\\\/07\\\/Visite-M.Troussel-SSD-12.2022-19-scaled.jpg\",\"datePublished\":\"2024-06-10T18:50:08+00:00\",\"dateModified\":\"2024-07-04T18:53:18+00:00\",\"breadcrumb\":{\"@id\":\"https:\\\/\\\/www.neuillysurmarne.fr\\\/renovation-du-carrefour-a-feux-du-pont-des-trois-communes\\\/#breadcrumb\"},\"inLanguage\":\"en-GB\",\"potentialAction\":[{\"@type\":\"ReadAction\",\"target\":[\"https:\\\/\\\/www.neuillysurmarne.fr\\\/renovation-du-carrefour-a-feux-du-pont-des-trois-communes\\\/\"]}]},{\"@type\":\"ImageObject\",\"inLanguage\":\"en-GB\",\"@id\":\"https:\\\/\\\/www.neuillysurmarne.fr\\\/renovation-du-carrefour-a-feux-du-pont-des-trois-communes\\\/#primaryimage\",\"url\":\"https:\\\/\\\/www.neuillysurmarne.fr\\\/wp-content\\\/uploads\\\/2024\\\/07\\\/Visite-M.Troussel-SSD-12.2022-19-scaled.jpg\",\"contentUrl\":\"https:\\\/\\\/www.neuillysurmarne.fr\\\/wp-content\\\/uploads\\\/2024\\\/07\\\/Visite-M.Troussel-SSD-12.2022-19-scaled.jpg\",\"width\":2560,\"height\":1707},{\"@type\":\"BreadcrumbList\",\"@id\":\"https:\\\/\\\/www.neuillysurmarne.fr\\\/renovation-du-carrefour-a-feux-du-pont-des-trois-communes\\\/#breadcrumb\",\"itemListElement\":[{\"@type\":\"ListItem\",\"position\":1,\"name\":\"Accueil\",\"item\":\"https:\\\/\\\/www.neuillysurmarne.fr\\\/\"},{\"@type\":\"ListItem\",\"position\":2,\"name\":\"R\u00e9novation du carrefour \u00e0 feux du Pont des Trois communes\"}]},{\"@type\":\"WebSite\",\"@id\":\"https:\\\/\\\/www.neuillysurmarne.fr\\\/es\\\/#website\",\"url\":\"https:\\\/\\\/www.neuillysurmarne.fr\\\/es\\\/\",\"name\":\"Mairie de Neuilly-sur-Marne\",\"description\":\"BETA\",\"publisher\":{\"@id\":\"https:\\\/\\\/www.neuillysurmarne.fr\\\/es\\\/#organization\"},\"potentialAction\":[{\"@type\":\"SearchAction\",\"target\":{\"@type\":\"EntryPoint\",\"urlTemplate\":\"https:\\\/\\\/www.neuillysurmarne.fr\\\/es\\\/?s={search_term_string}\"},\"query-input\":{\"@type\":\"PropertyValueSpecification\",\"valueRequired\":true,\"valueName\":\"search_term_string\"}}],\"inLanguage\":\"en-GB\"},{\"@type\":\"Organization\",\"@id\":\"https:\\\/\\\/www.neuillysurmarne.fr\\\/es\\\/#organization\",\"name\":\"Mairie de Neuilly-sur-Marne\",\"url\":\"https:\\\/\\\/www.neuillysurmarne.fr\\\/es\\\/\",\"logo\":{\"@type\":\"ImageObject\",\"inLanguage\":\"en-GB\",\"@id\":\"https:\\\/\\\/www.neuillysurmarne.fr\\\/es\\\/#\\\/schema\\\/logo\\\/image\\\/\",\"url\":\"https:\\\/\\\/www.neuillysurmarne.fr\\\/wp-content\\\/uploads\\\/2023\\\/10\\\/LOGO-NeuillysurMarne-blanc.png\",\"contentUrl\":\"https:\\\/\\\/www.neuillysurmarne.fr\\\/wp-content\\\/uploads\\\/2023\\\/10\\\/LOGO-NeuillysurMarne-blanc.png\",\"width\":3308,\"height\":2586,\"caption\":\"Mairie de Neuilly-sur-Marne\"},\"image\":{\"@id\":\"https:\\\/\\\/www.neuillysurmarne.fr\\\/es\\\/#\\\/schema\\\/logo\\\/image\\\/\"},\"sameAs\":[\"https:\\\/\\\/www.facebook.com\\\/ville.neuilly\",\"https:\\\/\\\/www.instagram.com\\\/neuilly_marne\\\/\",\"https:\\\/\\\/www.linkedin.com\\\/company\\\/ville-de-neuilly-sur-marne\\\/\",\"https:\\\/\\\/www.youtube.com\\\/channel\\\/UCDdZ0TLrV8rfIqjBGvoeB5A\",\"https:\\\/\\\/www.tiktok.com\\\/@villedeneuillysurmarne\"]},{\"@type\":\"Person\",\"@id\":\"https:\\\/\\\/www.neuillysurmarne.fr\\\/es\\\/#\\\/schema\\\/person\\\/fc97a7b233f3533476c0f151a054a9d1\",\"name\":\"Laurie\",\"image\":{\"@type\":\"ImageObject\",\"inLanguage\":\"en-GB\",\"@id\":\"https:\\\/\\\/secure.gravatar.com\\\/avatar\\\/aed93f491b5b494ae0db0f36fde403661e12c84c81b737368b3df13d30768a94?s=96&d=mm&r=g\",\"url\":\"https:\\\/\\\/secure.gravatar.com\\\/avatar\\\/aed93f491b5b494ae0db0f36fde403661e12c84c81b737368b3df13d30768a94?s=96&d=mm&r=g\",\"contentUrl\":\"https:\\\/\\\/secure.gravatar.com\\\/avatar\\\/aed93f491b5b494ae0db0f36fde403661e12c84c81b737368b3df13d30768a94?s=96&d=mm&r=g\",\"caption\":\"Laurie\"},\"url\":\"https:\\\/\\\/www.neuillysurmarne.fr\\\/en\\\/author\\\/laurie\\\/\"}]}<\/script>\n<!-- \/ Yoast SEO plugin. -->","yoast_head_json":{"title":"R\u00e9novation du carrefour \u00e0 feux du Pont des Trois communes - Mairie de Neuilly-sur-Marne","robots":{"index":"index","follow":"follow","max-snippet":"max-snippet:-1","max-image-preview":"max-image-preview:large","max-video-preview":"max-video-preview:-1"},"canonical":"https:\/\/www.neuillysurmarne.fr\/en\/renovation-du-carrefour-a-feux-du-pont-des-trois-communes\/","og_locale":"en_GB","og_type":"article","og_title":"R\u00e9novation du carrefour \u00e0 feux du Pont des Trois communes - Mairie de Neuilly-sur-Marne","og_description":"Depuis le 3 juin, le D\u00e9partement de la Seine-Saint-Denis et la ville de Neuilly-sur-Marne ont engag\u00e9 d\u2019importants travaux au niveau du carrefour \u00e0 feux du Pont des Trois communes. Le chantier va durer environ deux mois, pour offrir davantage de s\u00e9curit\u00e9 aux usagers.\u00a0 L\u2019\u00e9quipement d\u2019un carrefour avec une signalisation lumineuse tricolore a pour objectif de [&hellip;]","og_url":"https:\/\/www.neuillysurmarne.fr\/en\/renovation-du-carrefour-a-feux-du-pont-des-trois-communes\/","og_site_name":"Mairie de Neuilly-sur-Marne","article_publisher":"https:\/\/www.facebook.com\/ville.neuilly","article_published_time":"2024-06-10T18:50:08+00:00","article_modified_time":"2024-07-04T18:53:18+00:00","og_image":[{"width":2560,"height":1707,"url":"https:\/\/www.neuillysurmarne.fr\/wp-content\/uploads\/2024\/07\/Visite-M.Troussel-SSD-12.2022-19-scaled.jpg","type":"image\/jpeg"}],"author":"Laurie","twitter_card":"summary_large_image","twitter_misc":{"Written by":"Laurie","Estimated reading time":"3 minutes"},"schema":{"@context":"https:\/\/schema.org","@graph":[{"@type":"Article","@id":"https:\/\/www.neuillysurmarne.fr\/renovation-du-carrefour-a-feux-du-pont-des-trois-communes\/#article","isPartOf":{"@id":"https:\/\/www.neuillysurmarne.fr\/renovation-du-carrefour-a-feux-du-pont-des-trois-communes\/"},"author":{"name":"Laurie","@id":"https:\/\/www.neuillysurmarne.fr\/es\/#\/schema\/person\/fc97a7b233f3533476c0f151a054a9d1"},"headline":"R\u00e9novation du carrefour \u00e0 feux du Pont des Trois communes","datePublished":"2024-06-10T18:50:08+00:00","dateModified":"2024-07-04T18:53:18+00:00","mainEntityOfPage":{"@id":"https:\/\/www.neuillysurmarne.fr\/renovation-du-carrefour-a-feux-du-pont-des-trois-communes\/"},"wordCount":412,"publisher":{"@id":"https:\/\/www.neuillysurmarne.fr\/es\/#organization"},"image":{"@id":"https:\/\/www.neuillysurmarne.fr\/renovation-du-carrefour-a-feux-du-pont-des-trois-communes\/#primaryimage"},"thumbnailUrl":"https:\/\/www.neuillysurmarne.fr\/wp-content\/uploads\/2024\/07\/Visite-M.Troussel-SSD-12.2022-19-scaled.jpg","articleSection":["Actualit\u00e9"],"inLanguage":"en-GB"},{"@type":"WebPage","@id":"https:\/\/www.neuillysurmarne.fr\/renovation-du-carrefour-a-feux-du-pont-des-trois-communes\/","url":"https:\/\/www.neuillysurmarne.fr\/renovation-du-carrefour-a-feux-du-pont-des-trois-communes\/","name":"R\u00e9novation du carrefour \u00e0 feux du Pont des Trois communes - Mairie de Neuilly-sur-Marne","isPartOf":{"@id":"https:\/\/www.neuillysurmarne.fr\/es\/#website"},"primaryImageOfPage":{"@id":"https:\/\/www.neuillysurmarne.fr\/renovation-du-carrefour-a-feux-du-pont-des-trois-communes\/#primaryimage"},"image":{"@id":"https:\/\/www.neuillysurmarne.fr\/renovation-du-carrefour-a-feux-du-pont-des-trois-communes\/#primaryimage"},"thumbnailUrl":"https:\/\/www.neuillysurmarne.fr\/wp-content\/uploads\/2024\/07\/Visite-M.Troussel-SSD-12.2022-19-scaled.jpg","datePublished":"2024-06-10T18:50:08+00:00","dateModified":"2024-07-04T18:53:18+00:00","breadcrumb":{"@id":"https:\/\/www.neuillysurmarne.fr\/renovation-du-carrefour-a-feux-du-pont-des-trois-communes\/#breadcrumb"},"inLanguage":"en-GB","potentialAction":[{"@type":"ReadAction","target":["https:\/\/www.neuillysurmarne.fr\/renovation-du-carrefour-a-feux-du-pont-des-trois-communes\/"]}]},{"@type":"ImageObject","inLanguage":"en-GB","@id":"https:\/\/www.neuillysurmarne.fr\/renovation-du-carrefour-a-feux-du-pont-des-trois-communes\/#primaryimage","url":"https:\/\/www.neuillysurmarne.fr\/wp-content\/uploads\/2024\/07\/Visite-M.Troussel-SSD-12.2022-19-scaled.jpg","contentUrl":"https:\/\/www.neuillysurmarne.fr\/wp-content\/uploads\/2024\/07\/Visite-M.Troussel-SSD-12.2022-19-scaled.jpg","width":2560,"height":1707},{"@type":"BreadcrumbList","@id":"https:\/\/www.neuillysurmarne.fr\/renovation-du-carrefour-a-feux-du-pont-des-trois-communes\/#breadcrumb","itemListElement":[{"@type":"ListItem","position":1,"name":"Accueil","item":"https:\/\/www.neuillysurmarne.fr\/"},{"@type":"ListItem","position":2,"name":"R\u00e9novation du carrefour \u00e0 feux du Pont des Trois communes"}]},{"@type":"WebSite","@id":"https:\/\/www.neuillysurmarne.fr\/es\/#website","url":"https:\/\/www.neuillysurmarne.fr\/es\/","name":"Neuilly-sur-Marne Town Hall","description":"BETA","publisher":{"@id":"https:\/\/www.neuillysurmarne.fr\/es\/#organization"},"potentialAction":[{"@type":"SearchAction","target":{"@type":"EntryPoint","urlTemplate":"https:\/\/www.neuillysurmarne.fr\/es\/?s={search_term_string}"},"query-input":{"@type":"PropertyValueSpecification","valueRequired":true,"valueName":"search_term_string"}}],"inLanguage":"en-GB"},{"@type":"Organization","@id":"https:\/\/www.neuillysurmarne.fr\/es\/#organization","name":"Neuilly-sur-Marne Town Hall","url":"https:\/\/www.neuillysurmarne.fr\/es\/","logo":{"@type":"ImageObject","inLanguage":"en-GB","@id":"https:\/\/www.neuillysurmarne.fr\/es\/#\/schema\/logo\/image\/","url":"https:\/\/www.neuillysurmarne.fr\/wp-content\/uploads\/2023\/10\/LOGO-NeuillysurMarne-blanc.png","contentUrl":"https:\/\/www.neuillysurmarne.fr\/wp-content\/uploads\/2023\/10\/LOGO-NeuillysurMarne-blanc.png","width":3308,"height":2586,"caption":"Mairie de Neuilly-sur-Marne"},"image":{"@id":"https:\/\/www.neuillysurmarne.fr\/es\/#\/schema\/logo\/image\/"},"sameAs":["https:\/\/www.facebook.com\/ville.neuilly","https:\/\/www.instagram.com\/neuilly_marne\/","https:\/\/www.linkedin.com\/company\/ville-de-neuilly-sur-marne\/","https:\/\/www.youtube.com\/channel\/UCDdZ0TLrV8rfIqjBGvoeB5A","https:\/\/www.tiktok.com\/@villedeneuillysurmarne"]},{"@type":"Person","@id":"https:\/\/www.neuillysurmarne.fr\/es\/#\/schema\/person\/fc97a7b233f3533476c0f151a054a9d1","name":"Laurie","image":{"@type":"ImageObject","inLanguage":"en-GB","@id":"https:\/\/secure.gravatar.com\/avatar\/aed93f491b5b494ae0db0f36fde403661e12c84c81b737368b3df13d30768a94?s=96&d=mm&r=g","url":"https:\/\/secure.gravatar.com\/avatar\/aed93f491b5b494ae0db0f36fde403661e12c84c81b737368b3df13d30768a94?s=96&d=mm&r=g","contentUrl":"https:\/\/secure.gravatar.com\/avatar\/aed93f491b5b494ae0db0f36fde403661e12c84c81b737368b3df13d30768a94?s=96&d=mm&r=g","caption":"Laurie"},"url":"https:\/\/www.neuillysurmarne.fr\/en\/author\/laurie\/"}]}},"_links":{"self":[{"href":"https:\/\/www.neuillysurmarne.fr\/en\/wp-json\/wp\/v2\/posts\/11807","targetHints":{"allow":["GET"]}}],"collection":[{"href":"https:\/\/www.neuillysurmarne.fr\/en\/wp-json\/wp\/v2\/posts"}],"about":[{"href":"https:\/\/www.neuillysurmarne.fr\/en\/wp-json\/wp\/v2\/types\/post"}],"author":[{"embeddable":true,"href":"https:\/\/www.neuillysurmarne.fr\/en\/wp-json\/wp\/v2\/users\/2"}],"replies":[{"embeddable":true,"href":"https:\/\/www.neuillysurmarne.fr\/en\/wp-json\/wp\/v2\/comments?post=11807"}],"version-history":[{"count":1,"href":"https:\/\/www.neuillysurmarne.fr\/en\/wp-json\/wp\/v2\/posts\/11807\/revisions"}],"predecessor-version":[{"id":11809,"href":"https:\/\/www.neuillysurmarne.fr\/en\/wp-json\/wp\/v2\/posts\/11807\/revisions\/11809"}],"wp:featuredmedia":[{"embeddable":true,"href":"https:\/\/www.neuillysurmarne.fr\/en\/wp-json\/wp\/v2\/media\/11808"}],"wp:attachment":[{"href":"https:\/\/www.neuillysurmarne.fr\/en\/wp-json\/wp\/v2\/media?parent=11807"}],"wp:term":[{"taxonomy":"category","embeddable":true,"href":"https:\/\/www.neuillysurmarne.fr\/en\/wp-json\/wp\/v2\/categories?post=11807"},{"taxonomy":"post_tag","embeddable":true,"href":"https:\/\/www.neuillysurmarne.fr\/en\/wp-json\/wp\/v2\/tags?post=11807"}],"curies":[{"name":"wp","href":"https:\/\/api.w.org\/{rel}","templated":true}]}}