{"id":13564,"date":"2024-10-31T09:11:00","date_gmt":"2024-10-31T08:11:00","guid":{"rendered":"https:\/\/www.neuillysurmarne.fr\/?p=13564"},"modified":"2024-12-16T15:16:35","modified_gmt":"2024-12-16T14:16:35","slug":"label-antigaspi-a-neuilly-fini-le-gachis","status":"publish","type":"post","link":"https:\/\/www.neuillysurmarne.fr\/en\/label-antigaspi-a-neuilly-fini-le-gachis\/","title":{"rendered":"Label antigaspi : \u00e0 Neuilly, fini le g\u00e2chis !"},"content":{"rendered":"<div data-elementor-type=\"wp-post\" data-elementor-id=\"13564\" class=\"elementor elementor-13564\" data-elementor-post-type=\"post\">\n\t\t\t\t<div class=\"elementor-element elementor-element-c44cff2 e-flex e-con-boxed e-con e-parent\" data-id=\"c44cff2\" data-element_type=\"container\" data-e-type=\"container\">\n\t\t\t\t\t<div class=\"e-con-inner\">\n\t\t\t\t<div class=\"elementor-element elementor-element-38c12c4 elementor-widget elementor-widget-text-editor\" data-id=\"38c12c4\" data-element_type=\"widget\" data-e-type=\"widget\" data-widget_type=\"text-editor.default\">\n\t\t\t\t<div class=\"elementor-widget-container\">\n\t\t\t\t\t\t\t\t\t<p>Neuilly-sur-Marne lutte activement contre le gaspillage alimentaire. En ce mois de novembre 2024, la Ville met en place un label antigaspi, \u00e0 travers lequel commer\u00e7ants et restaurateurs s\u2019engagent \u00e0 mener des actions concr\u00e8tes aupr\u00e8s des consommateurs et des acteurs sociaux locaux.<\/p><h3>\u00a0<\/h3><h3><strong>Une lutte collective contre le gaspillage alimentaire<\/strong><\/h3><p>Les chiffres sont percutants\u00a0: la Commission europ\u00e9enne indique qu\u2019en 2022, il y a eu <strong>9,4 millions de tonnes de d\u00e9chets alimentaires<\/strong> en France, dont 4 millions de tonnes qui \u00e9taient encore comestibles. Le gaspillage alimentaire se remarque notamment dans deux secteurs\u00a0: le rapport de l\u2019ADEME pr\u00e9cise que 49% des d\u00e9chets alimentaires issus de la restauration \u00e9taient encore comestibles, ainsi que 37% de ceux de la distribution. Face \u00e0 cette situation, <strong>il est n\u00e9cessaire de s\u2019engager<\/strong>.<\/p><h3>\u00a0<\/h3><h3><strong>Le label antigaspi arrive le 25 novembre<\/strong><\/h3><p><strong>La Municipalit\u00e9 a d\u00e9j\u00e0 pris des mesures<\/strong> concernant son service de restauration collective, avec le syst\u00e8me de r\u00e9servation des repas qui permet de mieux g\u00e9rer les quantit\u00e9s. Mais il \u00e9tait temps d\u2019aller plus loin en travaillant de concert avec nos commer\u00e7ants et restaurateurs\u00a0: <strong>un label antigaspi sera lanc\u00e9 le 25 novembre<\/strong>. Une quinzaine d\u2019entreprises noc\u00e9ennes s\u2019engagent, chacune \u00e0 son \u00e9chelle, \u00e0 mettre en place des mesures pour limiter la production de d\u00e9chets alimentaires.<\/p><h3>\u00a0<\/h3><h3><strong>Un engagement trois \u00e9toiles<\/strong><\/h3><p>S\u2019engager contre le gaspillage alimentaire peut prendre plusieurs formes. Les partenaires du label antigaspi <strong>choisissent donc leurs types d\u2019actions<\/strong>, symbolis\u00e9es par des \u00e9toiles de couleurs. Sur les march\u00e9s de la patinoire et de Saint-Baudile, plusieurs stands seront \u00e9galement labellis\u00e9s.<\/p><p><strong>Chez les restaurants<\/strong><\/p><ul><li>Proposition syst\u00e9matique de barquettes alimentaires en cas de restes.<\/li><li>Mise en place de portions flexibles et\/ou de menus anti gaspi.<\/li><li>Distribution des invendus aupr\u00e8s des acteurs sociaux locaux.<\/li><\/ul><p><strong>Chez les commer\u00e7ants<\/strong><\/p><ul><li>Mise en place d\u2019un espace anti gaspi au sein de la boutique ou du stand\u00a0: dates courtes, produits non calibr\u00e9s, etc.<\/li><li>Proposition d\u2019id\u00e9es de recettes et de bonnes pratiques anti gaspi.<\/li><li>Distribution des invendus aupr\u00e8s des acteurs sociaux locaux.<\/li><\/ul><h3>\u00a0<\/h3><h3><strong>Un projet initi\u00e9 par la Ville<\/strong><\/h3><p>Pilote de ce dispositif, <strong>la Ville apporte \u00e9galement une aide mat\u00e9rielle<\/strong> avec la mise \u00e0 disposition de barquettes, stickers, chevalets et affiches. Ces investissements sont en partie financ\u00e9s par la M\u00e9tropole du Grand Paris, dans le cadre de l\u2019appel \u00e0 manifestation d\u2019int\u00e9r\u00eat Centres-villes vivants. Ce nouveau label est \u00e9galement un moyen de <strong>proposer des produits \u00e0 petit prix <\/strong>et de renforcer la fr\u00e9quentation des commerces. Il n\u2019y a que des avantages \u00e0 lutter contre le gaspillage\u00a0!<\/p><p><strong>\u00a0<\/strong><\/p><h3><strong>Qui sont les commer\u00e7ants participants\u00a0?<\/strong><\/h3><p>Commerces<\/p><ul><li>Aux d\u00e9lices noc\u00e9ens (boulangerie)<\/li><li>Joseph artisan boucher (boucherie)<\/li><li>La f\u00e9e des bl\u00e9s (boulangerie)<\/li><li>Primeur de la Marne (primeur)<\/li><\/ul><p><br \/>Restaurants<\/p><ul><li>Aux Halle de Neuilly<\/li><li>Casa Valentino<\/li><li>Chez boucher<\/li><li>Guinguette de Neuilly<\/li><li>Latino<\/li><li>Le Neuilly<\/li><li>L&rsquo;Orientine<\/li><li>Minhotos de braga<\/li><li>Pizzeria Genziana<\/li><li>Ristorante Pizzeria Doni<\/li><\/ul>\t\t\t\t\t\t\t\t<\/div>\n\t\t\t\t<\/div>\n\t\t\t\t\t<\/div>\n\t\t\t\t<\/div>\n\t\t\t\t<\/div>","protected":false},"excerpt":{"rendered":"<p>Neuilly-sur-Marne lutte activement contre le gaspillage alimentaire. En ce mois de novembre 2024, la Ville met en place un label antigaspi, \u00e0 travers lequel commer\u00e7ants et restaurateurs s\u2019engagent \u00e0 mener des actions concr\u00e8tes aupr\u00e8s des consommateurs et des acteurs sociaux locaux. \u00a0 Une lutte collective contre le gaspillage alimentaire Les chiffres sont percutants\u00a0: la Commission [&hellip;]<\/p>\n","protected":false},"author":6,"featured_media":13566,"comment_status":"closed","ping_status":"closed","sticky":false,"template":"","format":"standard","meta":{"_acf_changed":false,"footnotes":""},"categories":[242],"tags":[239],"class_list":["post-13564","post","type-post","status-publish","format-standard","has-post-thumbnail","hentry","category-actualite","tag-journal-municipal"],"acf":[],"yoast_head":"<!-- This site is optimized with the Yoast SEO plugin v27.4 - https:\/\/yoast.com\/product\/yoast-seo-wordpress\/ -->\n<title>Label antigaspi : \u00e0 Neuilly, fini le g\u00e2chis ! - Mairie de Neuilly-sur-Marne<\/title>\n<meta name=\"robots\" content=\"index, follow, max-snippet:-1, max-image-preview:large, max-video-preview:-1\" \/>\n<link rel=\"canonical\" href=\"https:\/\/www.neuillysurmarne.fr\/en\/label-antigaspi-a-neuilly-fini-le-gachis\/\" \/>\n<meta property=\"og:locale\" content=\"en_GB\" \/>\n<meta property=\"og:type\" content=\"article\" \/>\n<meta property=\"og:title\" content=\"Label antigaspi : \u00e0 Neuilly, fini le g\u00e2chis ! - Mairie de Neuilly-sur-Marne\" \/>\n<meta property=\"og:description\" content=\"Neuilly-sur-Marne lutte activement contre le gaspillage alimentaire. En ce mois de novembre 2024, la Ville met en place un label antigaspi, \u00e0 travers lequel commer\u00e7ants et restaurateurs s\u2019engagent \u00e0 mener des actions concr\u00e8tes aupr\u00e8s des consommateurs et des acteurs sociaux locaux. \u00a0 Une lutte collective contre le gaspillage alimentaire Les chiffres sont percutants\u00a0: la Commission [&hellip;]\" \/>\n<meta property=\"og:url\" content=\"https:\/\/www.neuillysurmarne.fr\/en\/label-antigaspi-a-neuilly-fini-le-gachis\/\" \/>\n<meta property=\"og:site_name\" content=\"Mairie de Neuilly-sur-Marne\" \/>\n<meta property=\"article:publisher\" content=\"https:\/\/www.facebook.com\/ville.neuilly\" \/>\n<meta property=\"article:published_time\" content=\"2024-10-31T08:11:00+00:00\" \/>\n<meta property=\"article:modified_time\" content=\"2024-12-16T14:16:35+00:00\" \/>\n<meta property=\"og:image\" content=\"https:\/\/www.neuillysurmarne.fr\/wp-content\/uploads\/2024\/10\/Image-site-A-la-Une-5.png\" \/>\n\t<meta property=\"og:image:width\" content=\"1200\" \/>\n\t<meta property=\"og:image:height\" content=\"480\" \/>\n\t<meta property=\"og:image:type\" content=\"image\/png\" \/>\n<meta name=\"author\" content=\"Mathias Alcaraz\" \/>\n<meta name=\"twitter:card\" content=\"summary_large_image\" \/>\n<meta name=\"twitter:label1\" content=\"Written by\" \/>\n\t<meta name=\"twitter:data1\" content=\"Mathias Alcaraz\" \/>\n\t<meta name=\"twitter:label2\" content=\"Estimated reading time\" \/>\n\t<meta name=\"twitter:data2\" content=\"3 minutes\" \/>\n<script type=\"application\/ld+json\" class=\"yoast-schema-graph\">{\"@context\":\"https:\\\/\\\/schema.org\",\"@graph\":[{\"@type\":\"Article\",\"@id\":\"https:\\\/\\\/www.neuillysurmarne.fr\\\/label-antigaspi-a-neuilly-fini-le-gachis\\\/#article\",\"isPartOf\":{\"@id\":\"https:\\\/\\\/www.neuillysurmarne.fr\\\/label-antigaspi-a-neuilly-fini-le-gachis\\\/\"},\"author\":{\"name\":\"Mathias Alcaraz\",\"@id\":\"https:\\\/\\\/www.neuillysurmarne.fr\\\/es\\\/#\\\/schema\\\/person\\\/456893e0e40cc2c79cca5a212236eccd\"},\"headline\":\"Label antigaspi : \u00e0 Neuilly, fini le g\u00e2chis !\",\"datePublished\":\"2024-10-31T08:11:00+00:00\",\"dateModified\":\"2024-12-16T14:16:35+00:00\",\"mainEntityOfPage\":{\"@id\":\"https:\\\/\\\/www.neuillysurmarne.fr\\\/label-antigaspi-a-neuilly-fini-le-gachis\\\/\"},\"wordCount\":491,\"publisher\":{\"@id\":\"https:\\\/\\\/www.neuillysurmarne.fr\\\/es\\\/#organization\"},\"image\":{\"@id\":\"https:\\\/\\\/www.neuillysurmarne.fr\\\/label-antigaspi-a-neuilly-fini-le-gachis\\\/#primaryimage\"},\"thumbnailUrl\":\"https:\\\/\\\/www.neuillysurmarne.fr\\\/wp-content\\\/uploads\\\/2024\\\/10\\\/Image-site-A-la-Une-5.png\",\"keywords\":[\"Journal municipal\"],\"articleSection\":[\"Actualit\u00e9\"],\"inLanguage\":\"en-GB\"},{\"@type\":\"WebPage\",\"@id\":\"https:\\\/\\\/www.neuillysurmarne.fr\\\/label-antigaspi-a-neuilly-fini-le-gachis\\\/\",\"url\":\"https:\\\/\\\/www.neuillysurmarne.fr\\\/label-antigaspi-a-neuilly-fini-le-gachis\\\/\",\"name\":\"Label antigaspi : \u00e0 Neuilly, fini le g\u00e2chis ! - Mairie de Neuilly-sur-Marne\",\"isPartOf\":{\"@id\":\"https:\\\/\\\/www.neuillysurmarne.fr\\\/es\\\/#website\"},\"primaryImageOfPage\":{\"@id\":\"https:\\\/\\\/www.neuillysurmarne.fr\\\/label-antigaspi-a-neuilly-fini-le-gachis\\\/#primaryimage\"},\"image\":{\"@id\":\"https:\\\/\\\/www.neuillysurmarne.fr\\\/label-antigaspi-a-neuilly-fini-le-gachis\\\/#primaryimage\"},\"thumbnailUrl\":\"https:\\\/\\\/www.neuillysurmarne.fr\\\/wp-content\\\/uploads\\\/2024\\\/10\\\/Image-site-A-la-Une-5.png\",\"datePublished\":\"2024-10-31T08:11:00+00:00\",\"dateModified\":\"2024-12-16T14:16:35+00:00\",\"breadcrumb\":{\"@id\":\"https:\\\/\\\/www.neuillysurmarne.fr\\\/label-antigaspi-a-neuilly-fini-le-gachis\\\/#breadcrumb\"},\"inLanguage\":\"en-GB\",\"potentialAction\":[{\"@type\":\"ReadAction\",\"target\":[\"https:\\\/\\\/www.neuillysurmarne.fr\\\/label-antigaspi-a-neuilly-fini-le-gachis\\\/\"]}]},{\"@type\":\"ImageObject\",\"inLanguage\":\"en-GB\",\"@id\":\"https:\\\/\\\/www.neuillysurmarne.fr\\\/label-antigaspi-a-neuilly-fini-le-gachis\\\/#primaryimage\",\"url\":\"https:\\\/\\\/www.neuillysurmarne.fr\\\/wp-content\\\/uploads\\\/2024\\\/10\\\/Image-site-A-la-Une-5.png\",\"contentUrl\":\"https:\\\/\\\/www.neuillysurmarne.fr\\\/wp-content\\\/uploads\\\/2024\\\/10\\\/Image-site-A-la-Une-5.png\",\"width\":1200,\"height\":480},{\"@type\":\"BreadcrumbList\",\"@id\":\"https:\\\/\\\/www.neuillysurmarne.fr\\\/label-antigaspi-a-neuilly-fini-le-gachis\\\/#breadcrumb\",\"itemListElement\":[{\"@type\":\"ListItem\",\"position\":1,\"name\":\"Accueil\",\"item\":\"https:\\\/\\\/www.neuillysurmarne.fr\\\/\"},{\"@type\":\"ListItem\",\"position\":2,\"name\":\"Label antigaspi : \u00e0 Neuilly, fini le g\u00e2chis !\"}]},{\"@type\":\"WebSite\",\"@id\":\"https:\\\/\\\/www.neuillysurmarne.fr\\\/es\\\/#website\",\"url\":\"https:\\\/\\\/www.neuillysurmarne.fr\\\/es\\\/\",\"name\":\"Mairie de Neuilly-sur-Marne\",\"description\":\"BETA\",\"publisher\":{\"@id\":\"https:\\\/\\\/www.neuillysurmarne.fr\\\/es\\\/#organization\"},\"potentialAction\":[{\"@type\":\"SearchAction\",\"target\":{\"@type\":\"EntryPoint\",\"urlTemplate\":\"https:\\\/\\\/www.neuillysurmarne.fr\\\/es\\\/?s={search_term_string}\"},\"query-input\":{\"@type\":\"PropertyValueSpecification\",\"valueRequired\":true,\"valueName\":\"search_term_string\"}}],\"inLanguage\":\"en-GB\"},{\"@type\":\"Organization\",\"@id\":\"https:\\\/\\\/www.neuillysurmarne.fr\\\/es\\\/#organization\",\"name\":\"Mairie de Neuilly-sur-Marne\",\"url\":\"https:\\\/\\\/www.neuillysurmarne.fr\\\/es\\\/\",\"logo\":{\"@type\":\"ImageObject\",\"inLanguage\":\"en-GB\",\"@id\":\"https:\\\/\\\/www.neuillysurmarne.fr\\\/es\\\/#\\\/schema\\\/logo\\\/image\\\/\",\"url\":\"https:\\\/\\\/www.neuillysurmarne.fr\\\/wp-content\\\/uploads\\\/2023\\\/10\\\/LOGO-NeuillysurMarne-blanc.png\",\"contentUrl\":\"https:\\\/\\\/www.neuillysurmarne.fr\\\/wp-content\\\/uploads\\\/2023\\\/10\\\/LOGO-NeuillysurMarne-blanc.png\",\"width\":3308,\"height\":2586,\"caption\":\"Mairie de Neuilly-sur-Marne\"},\"image\":{\"@id\":\"https:\\\/\\\/www.neuillysurmarne.fr\\\/es\\\/#\\\/schema\\\/logo\\\/image\\\/\"},\"sameAs\":[\"https:\\\/\\\/www.facebook.com\\\/ville.neuilly\",\"https:\\\/\\\/www.instagram.com\\\/neuilly_marne\\\/\",\"https:\\\/\\\/www.linkedin.com\\\/company\\\/ville-de-neuilly-sur-marne\\\/\",\"https:\\\/\\\/www.youtube.com\\\/channel\\\/UCDdZ0TLrV8rfIqjBGvoeB5A\",\"https:\\\/\\\/www.tiktok.com\\\/@villedeneuillysurmarne\"]},{\"@type\":\"Person\",\"@id\":\"https:\\\/\\\/www.neuillysurmarne.fr\\\/es\\\/#\\\/schema\\\/person\\\/456893e0e40cc2c79cca5a212236eccd\",\"name\":\"Mathias Alcaraz\",\"image\":{\"@type\":\"ImageObject\",\"inLanguage\":\"en-GB\",\"@id\":\"https:\\\/\\\/secure.gravatar.com\\\/avatar\\\/3768b1b203b0afe2afc9124d89d5742118838bc1d8403702299f4318a8a5759c?s=96&d=mm&r=g\",\"url\":\"https:\\\/\\\/secure.gravatar.com\\\/avatar\\\/3768b1b203b0afe2afc9124d89d5742118838bc1d8403702299f4318a8a5759c?s=96&d=mm&r=g\",\"contentUrl\":\"https:\\\/\\\/secure.gravatar.com\\\/avatar\\\/3768b1b203b0afe2afc9124d89d5742118838bc1d8403702299f4318a8a5759c?s=96&d=mm&r=g\",\"caption\":\"Mathias Alcaraz\"},\"url\":\"https:\\\/\\\/www.neuillysurmarne.fr\\\/en\\\/author\\\/mathias-alcaraz\\\/\"}]}<\/script>\n<!-- \/ Yoast SEO plugin. -->","yoast_head_json":{"title":"Label antigaspi : \u00e0 Neuilly, fini le g\u00e2chis ! - Mairie de Neuilly-sur-Marne","robots":{"index":"index","follow":"follow","max-snippet":"max-snippet:-1","max-image-preview":"max-image-preview:large","max-video-preview":"max-video-preview:-1"},"canonical":"https:\/\/www.neuillysurmarne.fr\/en\/label-antigaspi-a-neuilly-fini-le-gachis\/","og_locale":"en_GB","og_type":"article","og_title":"Label antigaspi : \u00e0 Neuilly, fini le g\u00e2chis ! - Mairie de Neuilly-sur-Marne","og_description":"Neuilly-sur-Marne lutte activement contre le gaspillage alimentaire. En ce mois de novembre 2024, la Ville met en place un label antigaspi, \u00e0 travers lequel commer\u00e7ants et restaurateurs s\u2019engagent \u00e0 mener des actions concr\u00e8tes aupr\u00e8s des consommateurs et des acteurs sociaux locaux. \u00a0 Une lutte collective contre le gaspillage alimentaire Les chiffres sont percutants\u00a0: la Commission [&hellip;]","og_url":"https:\/\/www.neuillysurmarne.fr\/en\/label-antigaspi-a-neuilly-fini-le-gachis\/","og_site_name":"Mairie de Neuilly-sur-Marne","article_publisher":"https:\/\/www.facebook.com\/ville.neuilly","article_published_time":"2024-10-31T08:11:00+00:00","article_modified_time":"2024-12-16T14:16:35+00:00","og_image":[{"width":1200,"height":480,"url":"https:\/\/www.neuillysurmarne.fr\/wp-content\/uploads\/2024\/10\/Image-site-A-la-Une-5.png","type":"image\/png"}],"author":"Mathias Alcaraz","twitter_card":"summary_large_image","twitter_misc":{"Written by":"Mathias Alcaraz","Estimated reading time":"3 minutes"},"schema":{"@context":"https:\/\/schema.org","@graph":[{"@type":"Article","@id":"https:\/\/www.neuillysurmarne.fr\/label-antigaspi-a-neuilly-fini-le-gachis\/#article","isPartOf":{"@id":"https:\/\/www.neuillysurmarne.fr\/label-antigaspi-a-neuilly-fini-le-gachis\/"},"author":{"name":"Mathias Alcaraz","@id":"https:\/\/www.neuillysurmarne.fr\/es\/#\/schema\/person\/456893e0e40cc2c79cca5a212236eccd"},"headline":"Label antigaspi : \u00e0 Neuilly, fini le g\u00e2chis !","datePublished":"2024-10-31T08:11:00+00:00","dateModified":"2024-12-16T14:16:35+00:00","mainEntityOfPage":{"@id":"https:\/\/www.neuillysurmarne.fr\/label-antigaspi-a-neuilly-fini-le-gachis\/"},"wordCount":491,"publisher":{"@id":"https:\/\/www.neuillysurmarne.fr\/es\/#organization"},"image":{"@id":"https:\/\/www.neuillysurmarne.fr\/label-antigaspi-a-neuilly-fini-le-gachis\/#primaryimage"},"thumbnailUrl":"https:\/\/www.neuillysurmarne.fr\/wp-content\/uploads\/2024\/10\/Image-site-A-la-Une-5.png","keywords":["Journal municipal"],"articleSection":["Actualit\u00e9"],"inLanguage":"en-GB"},{"@type":"WebPage","@id":"https:\/\/www.neuillysurmarne.fr\/label-antigaspi-a-neuilly-fini-le-gachis\/","url":"https:\/\/www.neuillysurmarne.fr\/label-antigaspi-a-neuilly-fini-le-gachis\/","name":"Label antigaspi : \u00e0 Neuilly, fini le g\u00e2chis ! - Mairie de Neuilly-sur-Marne","isPartOf":{"@id":"https:\/\/www.neuillysurmarne.fr\/es\/#website"},"primaryImageOfPage":{"@id":"https:\/\/www.neuillysurmarne.fr\/label-antigaspi-a-neuilly-fini-le-gachis\/#primaryimage"},"image":{"@id":"https:\/\/www.neuillysurmarne.fr\/label-antigaspi-a-neuilly-fini-le-gachis\/#primaryimage"},"thumbnailUrl":"https:\/\/www.neuillysurmarne.fr\/wp-content\/uploads\/2024\/10\/Image-site-A-la-Une-5.png","datePublished":"2024-10-31T08:11:00+00:00","dateModified":"2024-12-16T14:16:35+00:00","breadcrumb":{"@id":"https:\/\/www.neuillysurmarne.fr\/label-antigaspi-a-neuilly-fini-le-gachis\/#breadcrumb"},"inLanguage":"en-GB","potentialAction":[{"@type":"ReadAction","target":["https:\/\/www.neuillysurmarne.fr\/label-antigaspi-a-neuilly-fini-le-gachis\/"]}]},{"@type":"ImageObject","inLanguage":"en-GB","@id":"https:\/\/www.neuillysurmarne.fr\/label-antigaspi-a-neuilly-fini-le-gachis\/#primaryimage","url":"https:\/\/www.neuillysurmarne.fr\/wp-content\/uploads\/2024\/10\/Image-site-A-la-Une-5.png","contentUrl":"https:\/\/www.neuillysurmarne.fr\/wp-content\/uploads\/2024\/10\/Image-site-A-la-Une-5.png","width":1200,"height":480},{"@type":"BreadcrumbList","@id":"https:\/\/www.neuillysurmarne.fr\/label-antigaspi-a-neuilly-fini-le-gachis\/#breadcrumb","itemListElement":[{"@type":"ListItem","position":1,"name":"Accueil","item":"https:\/\/www.neuillysurmarne.fr\/"},{"@type":"ListItem","position":2,"name":"Label antigaspi : \u00e0 Neuilly, fini le g\u00e2chis !"}]},{"@type":"WebSite","@id":"https:\/\/www.neuillysurmarne.fr\/es\/#website","url":"https:\/\/www.neuillysurmarne.fr\/es\/","name":"Neuilly-sur-Marne Town Hall","description":"BETA","publisher":{"@id":"https:\/\/www.neuillysurmarne.fr\/es\/#organization"},"potentialAction":[{"@type":"SearchAction","target":{"@type":"EntryPoint","urlTemplate":"https:\/\/www.neuillysurmarne.fr\/es\/?s={search_term_string}"},"query-input":{"@type":"PropertyValueSpecification","valueRequired":true,"valueName":"search_term_string"}}],"inLanguage":"en-GB"},{"@type":"Organization","@id":"https:\/\/www.neuillysurmarne.fr\/es\/#organization","name":"Neuilly-sur-Marne Town Hall","url":"https:\/\/www.neuillysurmarne.fr\/es\/","logo":{"@type":"ImageObject","inLanguage":"en-GB","@id":"https:\/\/www.neuillysurmarne.fr\/es\/#\/schema\/logo\/image\/","url":"https:\/\/www.neuillysurmarne.fr\/wp-content\/uploads\/2023\/10\/LOGO-NeuillysurMarne-blanc.png","contentUrl":"https:\/\/www.neuillysurmarne.fr\/wp-content\/uploads\/2023\/10\/LOGO-NeuillysurMarne-blanc.png","width":3308,"height":2586,"caption":"Mairie de Neuilly-sur-Marne"},"image":{"@id":"https:\/\/www.neuillysurmarne.fr\/es\/#\/schema\/logo\/image\/"},"sameAs":["https:\/\/www.facebook.com\/ville.neuilly","https:\/\/www.instagram.com\/neuilly_marne\/","https:\/\/www.linkedin.com\/company\/ville-de-neuilly-sur-marne\/","https:\/\/www.youtube.com\/channel\/UCDdZ0TLrV8rfIqjBGvoeB5A","https:\/\/www.tiktok.com\/@villedeneuillysurmarne"]},{"@type":"Person","@id":"https:\/\/www.neuillysurmarne.fr\/es\/#\/schema\/person\/456893e0e40cc2c79cca5a212236eccd","name":"Mathias Alcaraz","image":{"@type":"ImageObject","inLanguage":"en-GB","@id":"https:\/\/secure.gravatar.com\/avatar\/3768b1b203b0afe2afc9124d89d5742118838bc1d8403702299f4318a8a5759c?s=96&d=mm&r=g","url":"https:\/\/secure.gravatar.com\/avatar\/3768b1b203b0afe2afc9124d89d5742118838bc1d8403702299f4318a8a5759c?s=96&d=mm&r=g","contentUrl":"https:\/\/secure.gravatar.com\/avatar\/3768b1b203b0afe2afc9124d89d5742118838bc1d8403702299f4318a8a5759c?s=96&d=mm&r=g","caption":"Mathias Alcaraz"},"url":"https:\/\/www.neuillysurmarne.fr\/en\/author\/mathias-alcaraz\/"}]}},"_links":{"self":[{"href":"https:\/\/www.neuillysurmarne.fr\/en\/wp-json\/wp\/v2\/posts\/13564","targetHints":{"allow":["GET"]}}],"collection":[{"href":"https:\/\/www.neuillysurmarne.fr\/en\/wp-json\/wp\/v2\/posts"}],"about":[{"href":"https:\/\/www.neuillysurmarne.fr\/en\/wp-json\/wp\/v2\/types\/post"}],"author":[{"embeddable":true,"href":"https:\/\/www.neuillysurmarne.fr\/en\/wp-json\/wp\/v2\/users\/6"}],"replies":[{"embeddable":true,"href":"https:\/\/www.neuillysurmarne.fr\/en\/wp-json\/wp\/v2\/comments?post=13564"}],"version-history":[{"count":7,"href":"https:\/\/www.neuillysurmarne.fr\/en\/wp-json\/wp\/v2\/posts\/13564\/revisions"}],"predecessor-version":[{"id":13879,"href":"https:\/\/www.neuillysurmarne.fr\/en\/wp-json\/wp\/v2\/posts\/13564\/revisions\/13879"}],"wp:featuredmedia":[{"embeddable":true,"href":"https:\/\/www.neuillysurmarne.fr\/en\/wp-json\/wp\/v2\/media\/13566"}],"wp:attachment":[{"href":"https:\/\/www.neuillysurmarne.fr\/en\/wp-json\/wp\/v2\/media?parent=13564"}],"wp:term":[{"taxonomy":"category","embeddable":true,"href":"https:\/\/www.neuillysurmarne.fr\/en\/wp-json\/wp\/v2\/categories?post=13564"},{"taxonomy":"post_tag","embeddable":true,"href":"https:\/\/www.neuillysurmarne.fr\/en\/wp-json\/wp\/v2\/tags?post=13564"}],"curies":[{"name":"wp","href":"https:\/\/api.w.org\/{rel}","templated":true}]}}