{"id":16456,"date":"2026-02-04T11:13:17","date_gmt":"2026-02-04T10:13:17","guid":{"rendered":"https:\/\/www.neuillysurmarne.fr\/?p=16456"},"modified":"2026-03-06T17:57:20","modified_gmt":"2026-03-06T16:57:20","slug":"lindex-de-legalite-professionnelle-2024-de-la-ville-de-neuilly-sur-marne-est-de-94-100","status":"publish","type":"post","link":"https:\/\/www.neuillysurmarne.fr\/en\/lindex-de-legalite-professionnelle-2024-de-la-ville-de-neuilly-sur-marne-est-de-94-100\/","title":{"rendered":"L&rsquo;index de l&rsquo;\u00e9galit\u00e9 professionnelle 2024 de la ville de Neuilly-sur-Marne est de 94\/100"},"content":{"rendered":"<p>\u27a1\ufe0f <strong><a href=\"https:\/\/www.neuillysurmarne.fr\/wp-content\/uploads\/2025\/10\/Index-2024.pdf\">Cliquez ici pour consulter l&rsquo;Index \u00e9galit\u00e9 professionnelle 2024<\/a><\/strong><\/p>\n<p>L\u2019obligation de publication d\u2019un index relatif aux \u00e9carts de r\u00e9mun\u00e9ration a \u00e9t\u00e9 introduite par l\u2019article 6 de la loi du 19 juillet 2023 visant \u00e0 renforcer l\u2019\u00e9gal acc\u00e8s des femmes aux responsabilit\u00e9 dans la fonction publique.<\/p>\n<p>Ce dispositif s\u2019inscrit dans un ensemble de mesures en faveur de l\u2019\u00e9galit\u00e9 professionnelle. Les indicateurs pris en compte dans le calcul de cet index mesurent les \u00e9carts de r\u00e9mun\u00e9ration entre les femmes et les hommes en vue de les supprimer.<\/p>\n<p>La politique de r\u00e9mun\u00e9ration mise en \u0153uvre au sein de la Ville de Neuilly-sur-Marne depuis de nombreuses ann\u00e9es permet aujourd\u2019hui de publier un index de 94 sur 100, d\u00e9passant l\u2019index \u00ab cible \u00bb de 75 sur 100 fix\u00e9 par l\u2019\u00c9tat. L\u2019indicateur 2024 de la Ville de Neuilly-sur-Marne progresse d\u2019un point par rapport \u00e0 celui de 2023 (de 93 sur 100). Cette progression s\u2019est effectu\u00e9e sur l\u2019\u00e9cart global de r\u00e9mun\u00e9ration entre les femmes et les hommes pour les fonctionnaires, avec une note de 45 sur 50.<\/p>\n<p>Comme en 2023, une \u00e9galit\u00e9 parfaite est observ\u00e9e sur le taux de promotion de grade entre les femmes et les hommes (taux de promus \/ taux de promouvables) et sur la r\u00e9partition femmes-hommes parmi les 10 plus hautes r\u00e9mun\u00e9rations de la collectivit\u00e9.<\/p>\n<p>Il s\u2019agira pour la Ville de Neuilly-sur-Marne de maintenir une politique volontariste de lutte contre les in\u00e9galit\u00e9s salariales entre les femmes et les hommes\u00a0: d\u00e8s le recrutement, \u00e0 qualification et \u00e0 comp\u00e9tences \u00e9gales, et de veiller \u00e0 offrir le m\u00eame niveau de r\u00e9mun\u00e9ration, \u00e0 qualification et comp\u00e9tences \u00e9gales, entre les femmes et les hommes, \u00e0 l\u2019ensemble du personnel communal.<\/p>","protected":false},"excerpt":{"rendered":"<p>\u27a1\ufe0f Cliquez ici pour consulter l&rsquo;Index \u00e9galit\u00e9 professionnelle 2024 L\u2019obligation de publication d\u2019un index relatif aux \u00e9carts de r\u00e9mun\u00e9ration a \u00e9t\u00e9 introduite par l\u2019article 6 de la loi du 19 juillet 2023 visant \u00e0 renforcer l\u2019\u00e9gal acc\u00e8s des femmes aux responsabilit\u00e9 dans la fonction publique. Ce dispositif s\u2019inscrit dans un ensemble de mesures en faveur [&hellip;]<\/p>\n","protected":false},"author":2,"featured_media":16461,"comment_status":"closed","ping_status":"closed","sticky":false,"template":"","format":"standard","meta":{"_acf_changed":false,"footnotes":""},"categories":[242],"tags":[],"class_list":["post-16456","post","type-post","status-publish","format-standard","has-post-thumbnail","hentry","category-actualite"],"acf":[],"yoast_head":"<!-- This site is optimized with the Yoast SEO plugin v27.4 - https:\/\/yoast.com\/product\/yoast-seo-wordpress\/ -->\n<title>L&#039;index de l&#039;\u00e9galit\u00e9 professionnelle 2024 de la ville de Neuilly-sur-Marne est de 94\/100 - Mairie de Neuilly-sur-Marne<\/title>\n<meta name=\"robots\" content=\"index, follow, max-snippet:-1, max-image-preview:large, max-video-preview:-1\" \/>\n<link rel=\"canonical\" href=\"https:\/\/www.neuillysurmarne.fr\/en\/lindex-de-legalite-professionnelle-2024-de-la-ville-de-neuilly-sur-marne-est-de-94-100\/\" \/>\n<meta property=\"og:locale\" content=\"en_GB\" \/>\n<meta property=\"og:type\" content=\"article\" \/>\n<meta property=\"og:title\" content=\"L&#039;index de l&#039;\u00e9galit\u00e9 professionnelle 2024 de la ville de Neuilly-sur-Marne est de 94\/100 - Mairie de Neuilly-sur-Marne\" \/>\n<meta property=\"og:description\" content=\"\u27a1\ufe0f Cliquez ici pour consulter l&rsquo;Index \u00e9galit\u00e9 professionnelle 2024 L\u2019obligation de publication d\u2019un index relatif aux \u00e9carts de r\u00e9mun\u00e9ration a \u00e9t\u00e9 introduite par l\u2019article 6 de la loi du 19 juillet 2023 visant \u00e0 renforcer l\u2019\u00e9gal acc\u00e8s des femmes aux responsabilit\u00e9 dans la fonction publique. Ce dispositif s\u2019inscrit dans un ensemble de mesures en faveur [&hellip;]\" \/>\n<meta property=\"og:url\" content=\"https:\/\/www.neuillysurmarne.fr\/en\/lindex-de-legalite-professionnelle-2024-de-la-ville-de-neuilly-sur-marne-est-de-94-100\/\" \/>\n<meta property=\"og:site_name\" content=\"Mairie de Neuilly-sur-Marne\" \/>\n<meta property=\"article:publisher\" content=\"https:\/\/www.facebook.com\/ville.neuilly\" \/>\n<meta property=\"article:published_time\" content=\"2026-02-04T10:13:17+00:00\" \/>\n<meta property=\"article:modified_time\" content=\"2026-03-06T16:57:20+00:00\" \/>\n<meta property=\"og:image\" content=\"https:\/\/www.neuillysurmarne.fr\/wp-content\/uploads\/2025\/10\/Massifs-repro-oeuvres-09.2021-23-scaled.jpg\" \/>\n\t<meta property=\"og:image:width\" content=\"2560\" \/>\n\t<meta property=\"og:image:height\" content=\"1707\" \/>\n\t<meta property=\"og:image:type\" content=\"image\/jpeg\" \/>\n<meta name=\"author\" content=\"Laurie\" \/>\n<meta name=\"twitter:card\" content=\"summary_large_image\" \/>\n<meta name=\"twitter:label1\" content=\"Written by\" \/>\n\t<meta name=\"twitter:data1\" content=\"Laurie\" \/>\n\t<meta name=\"twitter:label2\" content=\"Estimated reading time\" \/>\n\t<meta name=\"twitter:data2\" content=\"2 minutes\" \/>\n<script type=\"application\/ld+json\" class=\"yoast-schema-graph\">{\"@context\":\"https:\\\/\\\/schema.org\",\"@graph\":[{\"@type\":\"Article\",\"@id\":\"https:\\\/\\\/www.neuillysurmarne.fr\\\/lindex-de-legalite-professionnelle-2024-de-la-ville-de-neuilly-sur-marne-est-de-94-100\\\/#article\",\"isPartOf\":{\"@id\":\"https:\\\/\\\/www.neuillysurmarne.fr\\\/lindex-de-legalite-professionnelle-2024-de-la-ville-de-neuilly-sur-marne-est-de-94-100\\\/\"},\"author\":{\"name\":\"Laurie\",\"@id\":\"https:\\\/\\\/www.neuillysurmarne.fr\\\/es\\\/#\\\/schema\\\/person\\\/fc97a7b233f3533476c0f151a054a9d1\"},\"headline\":\"L&rsquo;index de l&rsquo;\u00e9galit\u00e9 professionnelle 2024 de la ville de Neuilly-sur-Marne est de 94\\\/100\",\"datePublished\":\"2026-02-04T10:13:17+00:00\",\"dateModified\":\"2026-03-06T16:57:20+00:00\",\"mainEntityOfPage\":{\"@id\":\"https:\\\/\\\/www.neuillysurmarne.fr\\\/lindex-de-legalite-professionnelle-2024-de-la-ville-de-neuilly-sur-marne-est-de-94-100\\\/\"},\"wordCount\":297,\"publisher\":{\"@id\":\"https:\\\/\\\/www.neuillysurmarne.fr\\\/es\\\/#organization\"},\"image\":{\"@id\":\"https:\\\/\\\/www.neuillysurmarne.fr\\\/lindex-de-legalite-professionnelle-2024-de-la-ville-de-neuilly-sur-marne-est-de-94-100\\\/#primaryimage\"},\"thumbnailUrl\":\"https:\\\/\\\/www.neuillysurmarne.fr\\\/wp-content\\\/uploads\\\/2025\\\/10\\\/Massifs-repro-oeuvres-09.2021-23-scaled.jpg\",\"articleSection\":[\"Actualit\u00e9\"],\"inLanguage\":\"en-GB\"},{\"@type\":\"WebPage\",\"@id\":\"https:\\\/\\\/www.neuillysurmarne.fr\\\/lindex-de-legalite-professionnelle-2024-de-la-ville-de-neuilly-sur-marne-est-de-94-100\\\/\",\"url\":\"https:\\\/\\\/www.neuillysurmarne.fr\\\/lindex-de-legalite-professionnelle-2024-de-la-ville-de-neuilly-sur-marne-est-de-94-100\\\/\",\"name\":\"L'index de l'\u00e9galit\u00e9 professionnelle 2024 de la ville de Neuilly-sur-Marne est de 94\\\/100 - Mairie de Neuilly-sur-Marne\",\"isPartOf\":{\"@id\":\"https:\\\/\\\/www.neuillysurmarne.fr\\\/es\\\/#website\"},\"primaryImageOfPage\":{\"@id\":\"https:\\\/\\\/www.neuillysurmarne.fr\\\/lindex-de-legalite-professionnelle-2024-de-la-ville-de-neuilly-sur-marne-est-de-94-100\\\/#primaryimage\"},\"image\":{\"@id\":\"https:\\\/\\\/www.neuillysurmarne.fr\\\/lindex-de-legalite-professionnelle-2024-de-la-ville-de-neuilly-sur-marne-est-de-94-100\\\/#primaryimage\"},\"thumbnailUrl\":\"https:\\\/\\\/www.neuillysurmarne.fr\\\/wp-content\\\/uploads\\\/2025\\\/10\\\/Massifs-repro-oeuvres-09.2021-23-scaled.jpg\",\"datePublished\":\"2026-02-04T10:13:17+00:00\",\"dateModified\":\"2026-03-06T16:57:20+00:00\",\"breadcrumb\":{\"@id\":\"https:\\\/\\\/www.neuillysurmarne.fr\\\/lindex-de-legalite-professionnelle-2024-de-la-ville-de-neuilly-sur-marne-est-de-94-100\\\/#breadcrumb\"},\"inLanguage\":\"en-GB\",\"potentialAction\":[{\"@type\":\"ReadAction\",\"target\":[\"https:\\\/\\\/www.neuillysurmarne.fr\\\/lindex-de-legalite-professionnelle-2024-de-la-ville-de-neuilly-sur-marne-est-de-94-100\\\/\"]}]},{\"@type\":\"ImageObject\",\"inLanguage\":\"en-GB\",\"@id\":\"https:\\\/\\\/www.neuillysurmarne.fr\\\/lindex-de-legalite-professionnelle-2024-de-la-ville-de-neuilly-sur-marne-est-de-94-100\\\/#primaryimage\",\"url\":\"https:\\\/\\\/www.neuillysurmarne.fr\\\/wp-content\\\/uploads\\\/2025\\\/10\\\/Massifs-repro-oeuvres-09.2021-23-scaled.jpg\",\"contentUrl\":\"https:\\\/\\\/www.neuillysurmarne.fr\\\/wp-content\\\/uploads\\\/2025\\\/10\\\/Massifs-repro-oeuvres-09.2021-23-scaled.jpg\",\"width\":2560,\"height\":1707},{\"@type\":\"BreadcrumbList\",\"@id\":\"https:\\\/\\\/www.neuillysurmarne.fr\\\/lindex-de-legalite-professionnelle-2024-de-la-ville-de-neuilly-sur-marne-est-de-94-100\\\/#breadcrumb\",\"itemListElement\":[{\"@type\":\"ListItem\",\"position\":1,\"name\":\"Accueil\",\"item\":\"https:\\\/\\\/www.neuillysurmarne.fr\\\/\"},{\"@type\":\"ListItem\",\"position\":2,\"name\":\"L&rsquo;index de l&rsquo;\u00e9galit\u00e9 professionnelle 2024 de la ville de Neuilly-sur-Marne est de 94\\\/100\"}]},{\"@type\":\"WebSite\",\"@id\":\"https:\\\/\\\/www.neuillysurmarne.fr\\\/es\\\/#website\",\"url\":\"https:\\\/\\\/www.neuillysurmarne.fr\\\/es\\\/\",\"name\":\"Mairie de Neuilly-sur-Marne\",\"description\":\"BETA\",\"publisher\":{\"@id\":\"https:\\\/\\\/www.neuillysurmarne.fr\\\/es\\\/#organization\"},\"potentialAction\":[{\"@type\":\"SearchAction\",\"target\":{\"@type\":\"EntryPoint\",\"urlTemplate\":\"https:\\\/\\\/www.neuillysurmarne.fr\\\/es\\\/?s={search_term_string}\"},\"query-input\":{\"@type\":\"PropertyValueSpecification\",\"valueRequired\":true,\"valueName\":\"search_term_string\"}}],\"inLanguage\":\"en-GB\"},{\"@type\":\"Organization\",\"@id\":\"https:\\\/\\\/www.neuillysurmarne.fr\\\/es\\\/#organization\",\"name\":\"Mairie de Neuilly-sur-Marne\",\"url\":\"https:\\\/\\\/www.neuillysurmarne.fr\\\/es\\\/\",\"logo\":{\"@type\":\"ImageObject\",\"inLanguage\":\"en-GB\",\"@id\":\"https:\\\/\\\/www.neuillysurmarne.fr\\\/es\\\/#\\\/schema\\\/logo\\\/image\\\/\",\"url\":\"https:\\\/\\\/www.neuillysurmarne.fr\\\/wp-content\\\/uploads\\\/2023\\\/10\\\/LOGO-NeuillysurMarne-blanc.png\",\"contentUrl\":\"https:\\\/\\\/www.neuillysurmarne.fr\\\/wp-content\\\/uploads\\\/2023\\\/10\\\/LOGO-NeuillysurMarne-blanc.png\",\"width\":3308,\"height\":2586,\"caption\":\"Mairie de Neuilly-sur-Marne\"},\"image\":{\"@id\":\"https:\\\/\\\/www.neuillysurmarne.fr\\\/es\\\/#\\\/schema\\\/logo\\\/image\\\/\"},\"sameAs\":[\"https:\\\/\\\/www.facebook.com\\\/ville.neuilly\",\"https:\\\/\\\/www.instagram.com\\\/neuilly_marne\\\/\",\"https:\\\/\\\/www.linkedin.com\\\/company\\\/ville-de-neuilly-sur-marne\\\/\",\"https:\\\/\\\/www.youtube.com\\\/channel\\\/UCDdZ0TLrV8rfIqjBGvoeB5A\",\"https:\\\/\\\/www.tiktok.com\\\/@villedeneuillysurmarne\"]},{\"@type\":\"Person\",\"@id\":\"https:\\\/\\\/www.neuillysurmarne.fr\\\/es\\\/#\\\/schema\\\/person\\\/fc97a7b233f3533476c0f151a054a9d1\",\"name\":\"Laurie\",\"image\":{\"@type\":\"ImageObject\",\"inLanguage\":\"en-GB\",\"@id\":\"https:\\\/\\\/secure.gravatar.com\\\/avatar\\\/aed93f491b5b494ae0db0f36fde403661e12c84c81b737368b3df13d30768a94?s=96&d=mm&r=g\",\"url\":\"https:\\\/\\\/secure.gravatar.com\\\/avatar\\\/aed93f491b5b494ae0db0f36fde403661e12c84c81b737368b3df13d30768a94?s=96&d=mm&r=g\",\"contentUrl\":\"https:\\\/\\\/secure.gravatar.com\\\/avatar\\\/aed93f491b5b494ae0db0f36fde403661e12c84c81b737368b3df13d30768a94?s=96&d=mm&r=g\",\"caption\":\"Laurie\"},\"url\":\"https:\\\/\\\/www.neuillysurmarne.fr\\\/en\\\/author\\\/laurie\\\/\"}]}<\/script>\n<!-- \/ Yoast SEO plugin. -->","yoast_head_json":{"title":"L'index de l'\u00e9galit\u00e9 professionnelle 2024 de la ville de Neuilly-sur-Marne est de 94\/100 - Mairie de Neuilly-sur-Marne","robots":{"index":"index","follow":"follow","max-snippet":"max-snippet:-1","max-image-preview":"max-image-preview:large","max-video-preview":"max-video-preview:-1"},"canonical":"https:\/\/www.neuillysurmarne.fr\/en\/lindex-de-legalite-professionnelle-2024-de-la-ville-de-neuilly-sur-marne-est-de-94-100\/","og_locale":"en_GB","og_type":"article","og_title":"L'index de l'\u00e9galit\u00e9 professionnelle 2024 de la ville de Neuilly-sur-Marne est de 94\/100 - Mairie de Neuilly-sur-Marne","og_description":"\u27a1\ufe0f Cliquez ici pour consulter l&rsquo;Index \u00e9galit\u00e9 professionnelle 2024 L\u2019obligation de publication d\u2019un index relatif aux \u00e9carts de r\u00e9mun\u00e9ration a \u00e9t\u00e9 introduite par l\u2019article 6 de la loi du 19 juillet 2023 visant \u00e0 renforcer l\u2019\u00e9gal acc\u00e8s des femmes aux responsabilit\u00e9 dans la fonction publique. Ce dispositif s\u2019inscrit dans un ensemble de mesures en faveur [&hellip;]","og_url":"https:\/\/www.neuillysurmarne.fr\/en\/lindex-de-legalite-professionnelle-2024-de-la-ville-de-neuilly-sur-marne-est-de-94-100\/","og_site_name":"Mairie de Neuilly-sur-Marne","article_publisher":"https:\/\/www.facebook.com\/ville.neuilly","article_published_time":"2026-02-04T10:13:17+00:00","article_modified_time":"2026-03-06T16:57:20+00:00","og_image":[{"width":2560,"height":1707,"url":"https:\/\/www.neuillysurmarne.fr\/wp-content\/uploads\/2025\/10\/Massifs-repro-oeuvres-09.2021-23-scaled.jpg","type":"image\/jpeg"}],"author":"Laurie","twitter_card":"summary_large_image","twitter_misc":{"Written by":"Laurie","Estimated reading time":"2 minutes"},"schema":{"@context":"https:\/\/schema.org","@graph":[{"@type":"Article","@id":"https:\/\/www.neuillysurmarne.fr\/lindex-de-legalite-professionnelle-2024-de-la-ville-de-neuilly-sur-marne-est-de-94-100\/#article","isPartOf":{"@id":"https:\/\/www.neuillysurmarne.fr\/lindex-de-legalite-professionnelle-2024-de-la-ville-de-neuilly-sur-marne-est-de-94-100\/"},"author":{"name":"Laurie","@id":"https:\/\/www.neuillysurmarne.fr\/es\/#\/schema\/person\/fc97a7b233f3533476c0f151a054a9d1"},"headline":"L&rsquo;index de l&rsquo;\u00e9galit\u00e9 professionnelle 2024 de la ville de Neuilly-sur-Marne est de 94\/100","datePublished":"2026-02-04T10:13:17+00:00","dateModified":"2026-03-06T16:57:20+00:00","mainEntityOfPage":{"@id":"https:\/\/www.neuillysurmarne.fr\/lindex-de-legalite-professionnelle-2024-de-la-ville-de-neuilly-sur-marne-est-de-94-100\/"},"wordCount":297,"publisher":{"@id":"https:\/\/www.neuillysurmarne.fr\/es\/#organization"},"image":{"@id":"https:\/\/www.neuillysurmarne.fr\/lindex-de-legalite-professionnelle-2024-de-la-ville-de-neuilly-sur-marne-est-de-94-100\/#primaryimage"},"thumbnailUrl":"https:\/\/www.neuillysurmarne.fr\/wp-content\/uploads\/2025\/10\/Massifs-repro-oeuvres-09.2021-23-scaled.jpg","articleSection":["Actualit\u00e9"],"inLanguage":"en-GB"},{"@type":"WebPage","@id":"https:\/\/www.neuillysurmarne.fr\/lindex-de-legalite-professionnelle-2024-de-la-ville-de-neuilly-sur-marne-est-de-94-100\/","url":"https:\/\/www.neuillysurmarne.fr\/lindex-de-legalite-professionnelle-2024-de-la-ville-de-neuilly-sur-marne-est-de-94-100\/","name":"L'index de l'\u00e9galit\u00e9 professionnelle 2024 de la ville de Neuilly-sur-Marne est de 94\/100 - Mairie de Neuilly-sur-Marne","isPartOf":{"@id":"https:\/\/www.neuillysurmarne.fr\/es\/#website"},"primaryImageOfPage":{"@id":"https:\/\/www.neuillysurmarne.fr\/lindex-de-legalite-professionnelle-2024-de-la-ville-de-neuilly-sur-marne-est-de-94-100\/#primaryimage"},"image":{"@id":"https:\/\/www.neuillysurmarne.fr\/lindex-de-legalite-professionnelle-2024-de-la-ville-de-neuilly-sur-marne-est-de-94-100\/#primaryimage"},"thumbnailUrl":"https:\/\/www.neuillysurmarne.fr\/wp-content\/uploads\/2025\/10\/Massifs-repro-oeuvres-09.2021-23-scaled.jpg","datePublished":"2026-02-04T10:13:17+00:00","dateModified":"2026-03-06T16:57:20+00:00","breadcrumb":{"@id":"https:\/\/www.neuillysurmarne.fr\/lindex-de-legalite-professionnelle-2024-de-la-ville-de-neuilly-sur-marne-est-de-94-100\/#breadcrumb"},"inLanguage":"en-GB","potentialAction":[{"@type":"ReadAction","target":["https:\/\/www.neuillysurmarne.fr\/lindex-de-legalite-professionnelle-2024-de-la-ville-de-neuilly-sur-marne-est-de-94-100\/"]}]},{"@type":"ImageObject","inLanguage":"en-GB","@id":"https:\/\/www.neuillysurmarne.fr\/lindex-de-legalite-professionnelle-2024-de-la-ville-de-neuilly-sur-marne-est-de-94-100\/#primaryimage","url":"https:\/\/www.neuillysurmarne.fr\/wp-content\/uploads\/2025\/10\/Massifs-repro-oeuvres-09.2021-23-scaled.jpg","contentUrl":"https:\/\/www.neuillysurmarne.fr\/wp-content\/uploads\/2025\/10\/Massifs-repro-oeuvres-09.2021-23-scaled.jpg","width":2560,"height":1707},{"@type":"BreadcrumbList","@id":"https:\/\/www.neuillysurmarne.fr\/lindex-de-legalite-professionnelle-2024-de-la-ville-de-neuilly-sur-marne-est-de-94-100\/#breadcrumb","itemListElement":[{"@type":"ListItem","position":1,"name":"Accueil","item":"https:\/\/www.neuillysurmarne.fr\/"},{"@type":"ListItem","position":2,"name":"L&rsquo;index de l&rsquo;\u00e9galit\u00e9 professionnelle 2024 de la ville de Neuilly-sur-Marne est de 94\/100"}]},{"@type":"WebSite","@id":"https:\/\/www.neuillysurmarne.fr\/es\/#website","url":"https:\/\/www.neuillysurmarne.fr\/es\/","name":"Neuilly-sur-Marne Town Hall","description":"BETA","publisher":{"@id":"https:\/\/www.neuillysurmarne.fr\/es\/#organization"},"potentialAction":[{"@type":"SearchAction","target":{"@type":"EntryPoint","urlTemplate":"https:\/\/www.neuillysurmarne.fr\/es\/?s={search_term_string}"},"query-input":{"@type":"PropertyValueSpecification","valueRequired":true,"valueName":"search_term_string"}}],"inLanguage":"en-GB"},{"@type":"Organization","@id":"https:\/\/www.neuillysurmarne.fr\/es\/#organization","name":"Neuilly-sur-Marne Town Hall","url":"https:\/\/www.neuillysurmarne.fr\/es\/","logo":{"@type":"ImageObject","inLanguage":"en-GB","@id":"https:\/\/www.neuillysurmarne.fr\/es\/#\/schema\/logo\/image\/","url":"https:\/\/www.neuillysurmarne.fr\/wp-content\/uploads\/2023\/10\/LOGO-NeuillysurMarne-blanc.png","contentUrl":"https:\/\/www.neuillysurmarne.fr\/wp-content\/uploads\/2023\/10\/LOGO-NeuillysurMarne-blanc.png","width":3308,"height":2586,"caption":"Mairie de Neuilly-sur-Marne"},"image":{"@id":"https:\/\/www.neuillysurmarne.fr\/es\/#\/schema\/logo\/image\/"},"sameAs":["https:\/\/www.facebook.com\/ville.neuilly","https:\/\/www.instagram.com\/neuilly_marne\/","https:\/\/www.linkedin.com\/company\/ville-de-neuilly-sur-marne\/","https:\/\/www.youtube.com\/channel\/UCDdZ0TLrV8rfIqjBGvoeB5A","https:\/\/www.tiktok.com\/@villedeneuillysurmarne"]},{"@type":"Person","@id":"https:\/\/www.neuillysurmarne.fr\/es\/#\/schema\/person\/fc97a7b233f3533476c0f151a054a9d1","name":"Laurie","image":{"@type":"ImageObject","inLanguage":"en-GB","@id":"https:\/\/secure.gravatar.com\/avatar\/aed93f491b5b494ae0db0f36fde403661e12c84c81b737368b3df13d30768a94?s=96&d=mm&r=g","url":"https:\/\/secure.gravatar.com\/avatar\/aed93f491b5b494ae0db0f36fde403661e12c84c81b737368b3df13d30768a94?s=96&d=mm&r=g","contentUrl":"https:\/\/secure.gravatar.com\/avatar\/aed93f491b5b494ae0db0f36fde403661e12c84c81b737368b3df13d30768a94?s=96&d=mm&r=g","caption":"Laurie"},"url":"https:\/\/www.neuillysurmarne.fr\/en\/author\/laurie\/"}]}},"_links":{"self":[{"href":"https:\/\/www.neuillysurmarne.fr\/en\/wp-json\/wp\/v2\/posts\/16456","targetHints":{"allow":["GET"]}}],"collection":[{"href":"https:\/\/www.neuillysurmarne.fr\/en\/wp-json\/wp\/v2\/posts"}],"about":[{"href":"https:\/\/www.neuillysurmarne.fr\/en\/wp-json\/wp\/v2\/types\/post"}],"author":[{"embeddable":true,"href":"https:\/\/www.neuillysurmarne.fr\/en\/wp-json\/wp\/v2\/users\/2"}],"replies":[{"embeddable":true,"href":"https:\/\/www.neuillysurmarne.fr\/en\/wp-json\/wp\/v2\/comments?post=16456"}],"version-history":[{"count":1,"href":"https:\/\/www.neuillysurmarne.fr\/en\/wp-json\/wp\/v2\/posts\/16456\/revisions"}],"predecessor-version":[{"id":16459,"href":"https:\/\/www.neuillysurmarne.fr\/en\/wp-json\/wp\/v2\/posts\/16456\/revisions\/16459"}],"wp:featuredmedia":[{"embeddable":true,"href":"https:\/\/www.neuillysurmarne.fr\/en\/wp-json\/wp\/v2\/media\/16461"}],"wp:attachment":[{"href":"https:\/\/www.neuillysurmarne.fr\/en\/wp-json\/wp\/v2\/media?parent=16456"}],"wp:term":[{"taxonomy":"category","embeddable":true,"href":"https:\/\/www.neuillysurmarne.fr\/en\/wp-json\/wp\/v2\/categories?post=16456"},{"taxonomy":"post_tag","embeddable":true,"href":"https:\/\/www.neuillysurmarne.fr\/en\/wp-json\/wp\/v2\/tags?post=16456"}],"curies":[{"name":"wp","href":"https:\/\/api.w.org\/{rel}","templated":true}]}}