{"id":11807,"date":"2024-06-10T20:50:08","date_gmt":"2024-06-10T18:50:08","guid":{"rendered":"https:\/\/www.neuillysurmarne.fr\/?p=11807"},"modified":"2024-07-04T20:53:18","modified_gmt":"2024-07-04T18:53:18","slug":"renovation-du-carrefour-a-feux-du-pont-des-trois-communes","status":"publish","type":"post","link":"https:\/\/www.neuillysurmarne.fr\/es\/renovation-du-carrefour-a-feux-du-pont-des-trois-communes\/","title":{"rendered":"Renovaci\u00f3n del cruce semaf\u00f3rico de Pont des Trois Communes"},"content":{"rendered":"<p><strong>Desde el 3 de junio, el Departamento de Seine-Saint-Denis y la ciudad de Neuilly-sur-Marne est\u00e1n realizando importantes obras en el cruce semaf\u00f3rico del Pont des Trois Communes. Las obras durar\u00e1n unos dos meses, con el fin de mejorar la seguridad de los usuarios de la carretera.\u00a0<\/strong><\/p>\n<p>El objetivo de equipar un cruce con una se\u00f1al semaf\u00f3rica es eliminar determinados conflictos de circulaci\u00f3n entre usuarios. Esta gesti\u00f3n de conflictos exige el cumplimiento de una serie de normas de dise\u00f1o y dimensionamiento.<\/p>\n<p>???? El Departamento de Seine-Saint-Denis financia la renovaci\u00f3n del nudo de Pont des Trois Communes mediante <strong>cuatro fases<\/strong>. Objetivos : <strong>renovar los equipos de se\u00f1alizaci\u00f3n semaf\u00f3rica<\/strong> y <strong>hacer m\u00e1s seguros los pasos de peatones<\/strong>.<\/p>\n<h3><strong>\u00a0Del 3 al 14 de junio: reducci\u00f3n de los carriles de circulaci\u00f3n en direcci\u00f3n este\u00a0<\/strong><\/h3>\n<ul>\n<li>Los bloques con bocas de la avenida Robert Schumann ser\u00e1n demolidos.<\/li>\n<li>En lugar de los 3 carriles originales, el tr\u00e1fico se reducir\u00e1 a 1 carril en cada sentido.<\/li>\n<li>El tr\u00e1fico se mantendr\u00e1 en ambas direcciones, con un pellizco en las direcciones sureste y sur-norte, con el objetivo de evitar la paralizaci\u00f3n del tr\u00e1fico.<\/li>\n<\/ul>\n<h3><strong>\u00a0Del 17 al 28 de junio: renovaci\u00f3n de los cables del lado oeste\u00a0<\/strong><\/h3>\n<ul>\n<li>Los cables de los sem\u00e1foros se renovar\u00e1n, se tirar\u00e1n y se soterrar\u00e1n en el lado oeste del cruce.<\/li>\n<li>En lugar de los 3 carriles originales, el tr\u00e1fico tambi\u00e9n se reducir\u00e1 a 1 carril en cada sentido.<\/li>\n<li>El tr\u00e1fico se alternar\u00e1 al sur de la avenida Robert Schumann para crear un paso de peatones.<\/li>\n<\/ul>\n<h3><strong>\u00a0Del 1 al 5 de julio: renovaci\u00f3n de los pasos de peatones\u00a0<\/strong><\/h3>\n<ul>\n<li>Se renovar\u00e1n los pasos de peatones del cruce y se soterrar\u00e1n los cables restantes.<\/li>\n<li>En lugar de los 2 carriles originales, el tr\u00e1fico se reducir\u00e1 a 1 carril.<\/li>\n<li>El tr\u00e1fico se mantendr\u00e1 en el eje oeste-norte de forma alterna. Estas obras de medio carril mantendr\u00e1n el tr\u00e1fico en movimiento en el barrio.<\/li>\n<\/ul>\n<h3><strong>\u00a0Julio: instalaci\u00f3n de la fibra\u00a0<\/strong><\/h3>\n<ul>\n<li>A lo largo del mes de julio, los equipos de obra tender\u00e1n el cable de fibra \u00f3ptica.<\/li>\n<li>Se instalar\u00e1n nuevos m\u00e1stiles semaf\u00f3ricos en el cruce.<\/li>\n<li>La continuidad del flujo de tr\u00e1fico no se ver\u00e1 afectada por estos cambios en julio.<\/li>\n<\/ul>\n<p><strong>????<\/strong><strong> Est\u00e1 previsto que los equipos de se\u00f1alizaci\u00f3n luminosa entren en servicio el 1 de agosto a m\u00e1s tardar.<\/strong><\/p>","protected":false},"excerpt":{"rendered":"<p>Depuis le 3 juin, le D\u00e9partement de la Seine-Saint-Denis et la ville de Neuilly-sur-Marne ont engag\u00e9 d\u2019importants travaux au niveau du carrefour \u00e0 feux du Pont des Trois communes. Le chantier va durer environ deux mois, pour offrir davantage de s\u00e9curit\u00e9 aux usagers.\u00a0 L\u2019\u00e9quipement d\u2019un carrefour avec une signalisation lumineuse tricolore a pour objectif de [&hellip;]<\/p>\n","protected":false},"author":2,"featured_media":11808,"comment_status":"closed","ping_status":"closed","sticky":false,"template":"","format":"standard","meta":{"_acf_changed":false,"footnotes":""},"categories":[242],"tags":[],"class_list":["post-11807","post","type-post","status-publish","format-standard","has-post-thumbnail","hentry","category-actualite"],"acf":[],"yoast_head":"<!-- This site is optimized with the Yoast SEO plugin v27.4 - https:\/\/yoast.com\/product\/yoast-seo-wordpress\/ -->\n<title>R\u00e9novation du carrefour \u00e0 feux du Pont des Trois communes - Mairie de Neuilly-sur-Marne<\/title>\n<meta name=\"robots\" content=\"index, follow, max-snippet:-1, max-image-preview:large, max-video-preview:-1\" \/>\n<link rel=\"canonical\" href=\"https:\/\/www.neuillysurmarne.fr\/es\/renovation-du-carrefour-a-feux-du-pont-des-trois-communes\/\" \/>\n<meta property=\"og:locale\" content=\"es_ES\" \/>\n<meta property=\"og:type\" content=\"article\" \/>\n<meta property=\"og:title\" content=\"R\u00e9novation du carrefour \u00e0 feux du Pont des Trois communes - Mairie de Neuilly-sur-Marne\" \/>\n<meta property=\"og:description\" content=\"Depuis le 3 juin, le D\u00e9partement de la Seine-Saint-Denis et la ville de Neuilly-sur-Marne ont engag\u00e9 d\u2019importants travaux au niveau du carrefour \u00e0 feux du Pont des Trois communes. Le chantier va durer environ deux mois, pour offrir davantage de s\u00e9curit\u00e9 aux usagers.\u00a0 L\u2019\u00e9quipement d\u2019un carrefour avec une signalisation lumineuse tricolore a pour objectif de [&hellip;]\" \/>\n<meta property=\"og:url\" content=\"https:\/\/www.neuillysurmarne.fr\/es\/renovation-du-carrefour-a-feux-du-pont-des-trois-communes\/\" \/>\n<meta property=\"og:site_name\" content=\"Mairie de Neuilly-sur-Marne\" \/>\n<meta property=\"article:publisher\" content=\"https:\/\/www.facebook.com\/ville.neuilly\" \/>\n<meta property=\"article:published_time\" content=\"2024-06-10T18:50:08+00:00\" \/>\n<meta property=\"article:modified_time\" content=\"2024-07-04T18:53:18+00:00\" \/>\n<meta property=\"og:image\" content=\"https:\/\/www.neuillysurmarne.fr\/wp-content\/uploads\/2024\/07\/Visite-M.Troussel-SSD-12.2022-19-scaled.jpg\" \/>\n\t<meta property=\"og:image:width\" content=\"2560\" \/>\n\t<meta property=\"og:image:height\" content=\"1707\" \/>\n\t<meta property=\"og:image:type\" content=\"image\/jpeg\" \/>\n<meta name=\"author\" content=\"Laurie\" \/>\n<meta name=\"twitter:card\" content=\"summary_large_image\" \/>\n<meta name=\"twitter:label1\" content=\"Escrito por\" \/>\n\t<meta name=\"twitter:data1\" content=\"Laurie\" \/>\n\t<meta name=\"twitter:label2\" content=\"Tiempo de lectura\" \/>\n\t<meta name=\"twitter:data2\" content=\"3 minutos\" \/>\n<script type=\"application\/ld+json\" class=\"yoast-schema-graph\">{\"@context\":\"https:\\\/\\\/schema.org\",\"@graph\":[{\"@type\":\"Article\",\"@id\":\"https:\\\/\\\/www.neuillysurmarne.fr\\\/renovation-du-carrefour-a-feux-du-pont-des-trois-communes\\\/#article\",\"isPartOf\":{\"@id\":\"https:\\\/\\\/www.neuillysurmarne.fr\\\/renovation-du-carrefour-a-feux-du-pont-des-trois-communes\\\/\"},\"author\":{\"name\":\"Laurie\",\"@id\":\"https:\\\/\\\/www.neuillysurmarne.fr\\\/es\\\/#\\\/schema\\\/person\\\/fc97a7b233f3533476c0f151a054a9d1\"},\"headline\":\"R\u00e9novation du carrefour \u00e0 feux du Pont des Trois communes\",\"datePublished\":\"2024-06-10T18:50:08+00:00\",\"dateModified\":\"2024-07-04T18:53:18+00:00\",\"mainEntityOfPage\":{\"@id\":\"https:\\\/\\\/www.neuillysurmarne.fr\\\/renovation-du-carrefour-a-feux-du-pont-des-trois-communes\\\/\"},\"wordCount\":412,\"publisher\":{\"@id\":\"https:\\\/\\\/www.neuillysurmarne.fr\\\/es\\\/#organization\"},\"image\":{\"@id\":\"https:\\\/\\\/www.neuillysurmarne.fr\\\/renovation-du-carrefour-a-feux-du-pont-des-trois-communes\\\/#primaryimage\"},\"thumbnailUrl\":\"https:\\\/\\\/www.neuillysurmarne.fr\\\/wp-content\\\/uploads\\\/2024\\\/07\\\/Visite-M.Troussel-SSD-12.2022-19-scaled.jpg\",\"articleSection\":[\"Actualit\u00e9\"],\"inLanguage\":\"es\"},{\"@type\":\"WebPage\",\"@id\":\"https:\\\/\\\/www.neuillysurmarne.fr\\\/renovation-du-carrefour-a-feux-du-pont-des-trois-communes\\\/\",\"url\":\"https:\\\/\\\/www.neuillysurmarne.fr\\\/renovation-du-carrefour-a-feux-du-pont-des-trois-communes\\\/\",\"name\":\"R\u00e9novation du carrefour \u00e0 feux du Pont des Trois communes - Mairie de Neuilly-sur-Marne\",\"isPartOf\":{\"@id\":\"https:\\\/\\\/www.neuillysurmarne.fr\\\/es\\\/#website\"},\"primaryImageOfPage\":{\"@id\":\"https:\\\/\\\/www.neuillysurmarne.fr\\\/renovation-du-carrefour-a-feux-du-pont-des-trois-communes\\\/#primaryimage\"},\"image\":{\"@id\":\"https:\\\/\\\/www.neuillysurmarne.fr\\\/renovation-du-carrefour-a-feux-du-pont-des-trois-communes\\\/#primaryimage\"},\"thumbnailUrl\":\"https:\\\/\\\/www.neuillysurmarne.fr\\\/wp-content\\\/uploads\\\/2024\\\/07\\\/Visite-M.Troussel-SSD-12.2022-19-scaled.jpg\",\"datePublished\":\"2024-06-10T18:50:08+00:00\",\"dateModified\":\"2024-07-04T18:53:18+00:00\",\"breadcrumb\":{\"@id\":\"https:\\\/\\\/www.neuillysurmarne.fr\\\/renovation-du-carrefour-a-feux-du-pont-des-trois-communes\\\/#breadcrumb\"},\"inLanguage\":\"es\",\"potentialAction\":[{\"@type\":\"ReadAction\",\"target\":[\"https:\\\/\\\/www.neuillysurmarne.fr\\\/renovation-du-carrefour-a-feux-du-pont-des-trois-communes\\\/\"]}]},{\"@type\":\"ImageObject\",\"inLanguage\":\"es\",\"@id\":\"https:\\\/\\\/www.neuillysurmarne.fr\\\/renovation-du-carrefour-a-feux-du-pont-des-trois-communes\\\/#primaryimage\",\"url\":\"https:\\\/\\\/www.neuillysurmarne.fr\\\/wp-content\\\/uploads\\\/2024\\\/07\\\/Visite-M.Troussel-SSD-12.2022-19-scaled.jpg\",\"contentUrl\":\"https:\\\/\\\/www.neuillysurmarne.fr\\\/wp-content\\\/uploads\\\/2024\\\/07\\\/Visite-M.Troussel-SSD-12.2022-19-scaled.jpg\",\"width\":2560,\"height\":1707},{\"@type\":\"BreadcrumbList\",\"@id\":\"https:\\\/\\\/www.neuillysurmarne.fr\\\/renovation-du-carrefour-a-feux-du-pont-des-trois-communes\\\/#breadcrumb\",\"itemListElement\":[{\"@type\":\"ListItem\",\"position\":1,\"name\":\"Accueil\",\"item\":\"https:\\\/\\\/www.neuillysurmarne.fr\\\/\"},{\"@type\":\"ListItem\",\"position\":2,\"name\":\"R\u00e9novation du carrefour \u00e0 feux du Pont des Trois communes\"}]},{\"@type\":\"WebSite\",\"@id\":\"https:\\\/\\\/www.neuillysurmarne.fr\\\/es\\\/#website\",\"url\":\"https:\\\/\\\/www.neuillysurmarne.fr\\\/es\\\/\",\"name\":\"Mairie de Neuilly-sur-Marne\",\"description\":\"BETA\",\"publisher\":{\"@id\":\"https:\\\/\\\/www.neuillysurmarne.fr\\\/es\\\/#organization\"},\"potentialAction\":[{\"@type\":\"SearchAction\",\"target\":{\"@type\":\"EntryPoint\",\"urlTemplate\":\"https:\\\/\\\/www.neuillysurmarne.fr\\\/es\\\/?s={search_term_string}\"},\"query-input\":{\"@type\":\"PropertyValueSpecification\",\"valueRequired\":true,\"valueName\":\"search_term_string\"}}],\"inLanguage\":\"es\"},{\"@type\":\"Organization\",\"@id\":\"https:\\\/\\\/www.neuillysurmarne.fr\\\/es\\\/#organization\",\"name\":\"Mairie de Neuilly-sur-Marne\",\"url\":\"https:\\\/\\\/www.neuillysurmarne.fr\\\/es\\\/\",\"logo\":{\"@type\":\"ImageObject\",\"inLanguage\":\"es\",\"@id\":\"https:\\\/\\\/www.neuillysurmarne.fr\\\/es\\\/#\\\/schema\\\/logo\\\/image\\\/\",\"url\":\"https:\\\/\\\/www.neuillysurmarne.fr\\\/wp-content\\\/uploads\\\/2023\\\/10\\\/LOGO-NeuillysurMarne-blanc.png\",\"contentUrl\":\"https:\\\/\\\/www.neuillysurmarne.fr\\\/wp-content\\\/uploads\\\/2023\\\/10\\\/LOGO-NeuillysurMarne-blanc.png\",\"width\":3308,\"height\":2586,\"caption\":\"Mairie de Neuilly-sur-Marne\"},\"image\":{\"@id\":\"https:\\\/\\\/www.neuillysurmarne.fr\\\/es\\\/#\\\/schema\\\/logo\\\/image\\\/\"},\"sameAs\":[\"https:\\\/\\\/www.facebook.com\\\/ville.neuilly\",\"https:\\\/\\\/www.instagram.com\\\/neuilly_marne\\\/\",\"https:\\\/\\\/www.linkedin.com\\\/company\\\/ville-de-neuilly-sur-marne\\\/\",\"https:\\\/\\\/www.youtube.com\\\/channel\\\/UCDdZ0TLrV8rfIqjBGvoeB5A\",\"https:\\\/\\\/www.tiktok.com\\\/@villedeneuillysurmarne\"]},{\"@type\":\"Person\",\"@id\":\"https:\\\/\\\/www.neuillysurmarne.fr\\\/es\\\/#\\\/schema\\\/person\\\/fc97a7b233f3533476c0f151a054a9d1\",\"name\":\"Laurie\",\"image\":{\"@type\":\"ImageObject\",\"inLanguage\":\"es\",\"@id\":\"https:\\\/\\\/secure.gravatar.com\\\/avatar\\\/aed93f491b5b494ae0db0f36fde403661e12c84c81b737368b3df13d30768a94?s=96&d=mm&r=g\",\"url\":\"https:\\\/\\\/secure.gravatar.com\\\/avatar\\\/aed93f491b5b494ae0db0f36fde403661e12c84c81b737368b3df13d30768a94?s=96&d=mm&r=g\",\"contentUrl\":\"https:\\\/\\\/secure.gravatar.com\\\/avatar\\\/aed93f491b5b494ae0db0f36fde403661e12c84c81b737368b3df13d30768a94?s=96&d=mm&r=g\",\"caption\":\"Laurie\"},\"url\":\"https:\\\/\\\/www.neuillysurmarne.fr\\\/es\\\/author\\\/laurie\\\/\"}]}<\/script>\n<!-- \/ Yoast SEO plugin. -->","yoast_head_json":{"title":"R\u00e9novation du carrefour \u00e0 feux du Pont des Trois communes - Mairie de Neuilly-sur-Marne","robots":{"index":"index","follow":"follow","max-snippet":"max-snippet:-1","max-image-preview":"max-image-preview:large","max-video-preview":"max-video-preview:-1"},"canonical":"https:\/\/www.neuillysurmarne.fr\/es\/renovation-du-carrefour-a-feux-du-pont-des-trois-communes\/","og_locale":"es_ES","og_type":"article","og_title":"R\u00e9novation du carrefour \u00e0 feux du Pont des Trois communes - Mairie de Neuilly-sur-Marne","og_description":"Depuis le 3 juin, le D\u00e9partement de la Seine-Saint-Denis et la ville de Neuilly-sur-Marne ont engag\u00e9 d\u2019importants travaux au niveau du carrefour \u00e0 feux du Pont des Trois communes. Le chantier va durer environ deux mois, pour offrir davantage de s\u00e9curit\u00e9 aux usagers.\u00a0 L\u2019\u00e9quipement d\u2019un carrefour avec une signalisation lumineuse tricolore a pour objectif de [&hellip;]","og_url":"https:\/\/www.neuillysurmarne.fr\/es\/renovation-du-carrefour-a-feux-du-pont-des-trois-communes\/","og_site_name":"Mairie de Neuilly-sur-Marne","article_publisher":"https:\/\/www.facebook.com\/ville.neuilly","article_published_time":"2024-06-10T18:50:08+00:00","article_modified_time":"2024-07-04T18:53:18+00:00","og_image":[{"width":2560,"height":1707,"url":"https:\/\/www.neuillysurmarne.fr\/wp-content\/uploads\/2024\/07\/Visite-M.Troussel-SSD-12.2022-19-scaled.jpg","type":"image\/jpeg"}],"author":"Laurie","twitter_card":"summary_large_image","twitter_misc":{"Escrito por":"Laurie","Tiempo de lectura":"3 minutos"},"schema":{"@context":"https:\/\/schema.org","@graph":[{"@type":"Article","@id":"https:\/\/www.neuillysurmarne.fr\/renovation-du-carrefour-a-feux-du-pont-des-trois-communes\/#article","isPartOf":{"@id":"https:\/\/www.neuillysurmarne.fr\/renovation-du-carrefour-a-feux-du-pont-des-trois-communes\/"},"author":{"name":"Laurie","@id":"https:\/\/www.neuillysurmarne.fr\/es\/#\/schema\/person\/fc97a7b233f3533476c0f151a054a9d1"},"headline":"R\u00e9novation du carrefour \u00e0 feux du Pont des Trois communes","datePublished":"2024-06-10T18:50:08+00:00","dateModified":"2024-07-04T18:53:18+00:00","mainEntityOfPage":{"@id":"https:\/\/www.neuillysurmarne.fr\/renovation-du-carrefour-a-feux-du-pont-des-trois-communes\/"},"wordCount":412,"publisher":{"@id":"https:\/\/www.neuillysurmarne.fr\/es\/#organization"},"image":{"@id":"https:\/\/www.neuillysurmarne.fr\/renovation-du-carrefour-a-feux-du-pont-des-trois-communes\/#primaryimage"},"thumbnailUrl":"https:\/\/www.neuillysurmarne.fr\/wp-content\/uploads\/2024\/07\/Visite-M.Troussel-SSD-12.2022-19-scaled.jpg","articleSection":["Actualit\u00e9"],"inLanguage":"es"},{"@type":"WebPage","@id":"https:\/\/www.neuillysurmarne.fr\/renovation-du-carrefour-a-feux-du-pont-des-trois-communes\/","url":"https:\/\/www.neuillysurmarne.fr\/renovation-du-carrefour-a-feux-du-pont-des-trois-communes\/","name":"R\u00e9novation du carrefour \u00e0 feux du Pont des Trois communes - Mairie de Neuilly-sur-Marne","isPartOf":{"@id":"https:\/\/www.neuillysurmarne.fr\/es\/#website"},"primaryImageOfPage":{"@id":"https:\/\/www.neuillysurmarne.fr\/renovation-du-carrefour-a-feux-du-pont-des-trois-communes\/#primaryimage"},"image":{"@id":"https:\/\/www.neuillysurmarne.fr\/renovation-du-carrefour-a-feux-du-pont-des-trois-communes\/#primaryimage"},"thumbnailUrl":"https:\/\/www.neuillysurmarne.fr\/wp-content\/uploads\/2024\/07\/Visite-M.Troussel-SSD-12.2022-19-scaled.jpg","datePublished":"2024-06-10T18:50:08+00:00","dateModified":"2024-07-04T18:53:18+00:00","breadcrumb":{"@id":"https:\/\/www.neuillysurmarne.fr\/renovation-du-carrefour-a-feux-du-pont-des-trois-communes\/#breadcrumb"},"inLanguage":"es","potentialAction":[{"@type":"ReadAction","target":["https:\/\/www.neuillysurmarne.fr\/renovation-du-carrefour-a-feux-du-pont-des-trois-communes\/"]}]},{"@type":"ImageObject","inLanguage":"es","@id":"https:\/\/www.neuillysurmarne.fr\/renovation-du-carrefour-a-feux-du-pont-des-trois-communes\/#primaryimage","url":"https:\/\/www.neuillysurmarne.fr\/wp-content\/uploads\/2024\/07\/Visite-M.Troussel-SSD-12.2022-19-scaled.jpg","contentUrl":"https:\/\/www.neuillysurmarne.fr\/wp-content\/uploads\/2024\/07\/Visite-M.Troussel-SSD-12.2022-19-scaled.jpg","width":2560,"height":1707},{"@type":"BreadcrumbList","@id":"https:\/\/www.neuillysurmarne.fr\/renovation-du-carrefour-a-feux-du-pont-des-trois-communes\/#breadcrumb","itemListElement":[{"@type":"ListItem","position":1,"name":"Accueil","item":"https:\/\/www.neuillysurmarne.fr\/"},{"@type":"ListItem","position":2,"name":"R\u00e9novation du carrefour \u00e0 feux du Pont des Trois communes"}]},{"@type":"WebSite","@id":"https:\/\/www.neuillysurmarne.fr\/es\/#website","url":"https:\/\/www.neuillysurmarne.fr\/es\/","name":"Ayuntamiento de Neuilly-sur-Marne","description":"BETA","publisher":{"@id":"https:\/\/www.neuillysurmarne.fr\/es\/#organization"},"potentialAction":[{"@type":"SearchAction","target":{"@type":"EntryPoint","urlTemplate":"https:\/\/www.neuillysurmarne.fr\/es\/?s={search_term_string}"},"query-input":{"@type":"PropertyValueSpecification","valueRequired":true,"valueName":"search_term_string"}}],"inLanguage":"es"},{"@type":"Organization","@id":"https:\/\/www.neuillysurmarne.fr\/es\/#organization","name":"Ayuntamiento de Neuilly-sur-Marne","url":"https:\/\/www.neuillysurmarne.fr\/es\/","logo":{"@type":"ImageObject","inLanguage":"es","@id":"https:\/\/www.neuillysurmarne.fr\/es\/#\/schema\/logo\/image\/","url":"https:\/\/www.neuillysurmarne.fr\/wp-content\/uploads\/2023\/10\/LOGO-NeuillysurMarne-blanc.png","contentUrl":"https:\/\/www.neuillysurmarne.fr\/wp-content\/uploads\/2023\/10\/LOGO-NeuillysurMarne-blanc.png","width":3308,"height":2586,"caption":"Mairie de Neuilly-sur-Marne"},"image":{"@id":"https:\/\/www.neuillysurmarne.fr\/es\/#\/schema\/logo\/image\/"},"sameAs":["https:\/\/www.facebook.com\/ville.neuilly","https:\/\/www.instagram.com\/neuilly_marne\/","https:\/\/www.linkedin.com\/company\/ville-de-neuilly-sur-marne\/","https:\/\/www.youtube.com\/channel\/UCDdZ0TLrV8rfIqjBGvoeB5A","https:\/\/www.tiktok.com\/@villedeneuillysurmarne"]},{"@type":"Person","@id":"https:\/\/www.neuillysurmarne.fr\/es\/#\/schema\/person\/fc97a7b233f3533476c0f151a054a9d1","name":"Laurie","image":{"@type":"ImageObject","inLanguage":"es","@id":"https:\/\/secure.gravatar.com\/avatar\/aed93f491b5b494ae0db0f36fde403661e12c84c81b737368b3df13d30768a94?s=96&d=mm&r=g","url":"https:\/\/secure.gravatar.com\/avatar\/aed93f491b5b494ae0db0f36fde403661e12c84c81b737368b3df13d30768a94?s=96&d=mm&r=g","contentUrl":"https:\/\/secure.gravatar.com\/avatar\/aed93f491b5b494ae0db0f36fde403661e12c84c81b737368b3df13d30768a94?s=96&d=mm&r=g","caption":"Laurie"},"url":"https:\/\/www.neuillysurmarne.fr\/es\/author\/laurie\/"}]}},"_links":{"self":[{"href":"https:\/\/www.neuillysurmarne.fr\/es\/wp-json\/wp\/v2\/posts\/11807","targetHints":{"allow":["GET"]}}],"collection":[{"href":"https:\/\/www.neuillysurmarne.fr\/es\/wp-json\/wp\/v2\/posts"}],"about":[{"href":"https:\/\/www.neuillysurmarne.fr\/es\/wp-json\/wp\/v2\/types\/post"}],"author":[{"embeddable":true,"href":"https:\/\/www.neuillysurmarne.fr\/es\/wp-json\/wp\/v2\/users\/2"}],"replies":[{"embeddable":true,"href":"https:\/\/www.neuillysurmarne.fr\/es\/wp-json\/wp\/v2\/comments?post=11807"}],"version-history":[{"count":1,"href":"https:\/\/www.neuillysurmarne.fr\/es\/wp-json\/wp\/v2\/posts\/11807\/revisions"}],"predecessor-version":[{"id":11809,"href":"https:\/\/www.neuillysurmarne.fr\/es\/wp-json\/wp\/v2\/posts\/11807\/revisions\/11809"}],"wp:featuredmedia":[{"embeddable":true,"href":"https:\/\/www.neuillysurmarne.fr\/es\/wp-json\/wp\/v2\/media\/11808"}],"wp:attachment":[{"href":"https:\/\/www.neuillysurmarne.fr\/es\/wp-json\/wp\/v2\/media?parent=11807"}],"wp:term":[{"taxonomy":"category","embeddable":true,"href":"https:\/\/www.neuillysurmarne.fr\/es\/wp-json\/wp\/v2\/categories?post=11807"},{"taxonomy":"post_tag","embeddable":true,"href":"https:\/\/www.neuillysurmarne.fr\/es\/wp-json\/wp\/v2\/tags?post=11807"}],"curies":[{"name":"wp","href":"https:\/\/api.w.org\/{rel}","templated":true}]}}