{"id":17356,"date":"2026-02-02T14:52:12","date_gmt":"2026-02-02T13:52:12","guid":{"rendered":"https:\/\/www.neuillysurmarne.fr\/?p=17356"},"modified":"2026-02-02T14:52:12","modified_gmt":"2026-02-02T13:52:12","slug":"decouvrez-les-modes-daccueil-pour-les-enfants-de-0-a-3-ans","status":"publish","type":"post","link":"https:\/\/www.neuillysurmarne.fr\/es\/decouvrez-les-modes-daccueil-pour-les-enfants-de-0-a-3-ans\/","title":{"rendered":"D\u00e9couvrez les modes d\u2019accueil pour les enfants de 0 \u00e0 3 ans"},"content":{"rendered":"<p>Vous \u00eates parents d\u2019un enfant de moins de trois ans et vous voulez y voir plus clair dans les diff\u00e9rents modes de garde ? Deux r\u00e9unions d\u2019information auront lieu, le vendredi 6 f\u00e9vrier et le vendredi 27 mars, \u00e0 l\u2019H\u00f4tel de Ville. La premi\u00e8re aura lieu le <strong>vendredi 6 f\u00e9vrier \u00e0 10h<\/strong> et la seconde le <strong>vendredi 27 mars \u00e0 17h30<\/strong>, dans la salle d\u2019honneur de la mairie.<\/p>\n<p>Lors de ces r\u00e9unions d\u2019information sur les modes d\u2019accueil pour les enfants de 0 \u00e0 3 ans, les parents d\u00e9couvriront <strong>toutes les possibilit\u00e9s dans notre Ville<\/strong>. L\u2019occasion de mieux comprendre les diff\u00e9rences entres cr\u00e8ches familiales et collectives, de rep\u00e9rer les cr\u00e8ches priv\u00e9es et les micro-cr\u00e8ches, de se renseigner sur les maisons d\u2019assistantes maternelles et la garde \u00e0 domicile, d\u2019envisager le recours \u00e0 une assistante maternelle ind\u00e9pendante\u2026<\/p>\n<p>Ces rendez-vous pr\u00e9senteront \u00e9galement <strong>les lieux autour de la parentalit\u00e9<\/strong>, comme le Lieu Accueil Enfants Parents \u00e0 l\u2019Atelier des Projets et les accueils parents-enfants dans les deux PMI de Neuilly-sur-Marne. Les intervenants \u00e9voqueront aussi <strong>les tr\u00e8s petites sections en maternelle<\/strong>, la dimension financi\u00e8re des modes d\u2019accueil, ainsi que sur le processus parfois m\u00e9connu des demandes de place en cr\u00e8che.<\/p>\n<p>es informations qui <strong>aideront sans aucun doute les jeunes parents<\/strong> \u00e0 mieux pr\u00e9parer les premi\u00e8res ann\u00e9es de leur enfant.<\/p>\n<p>&nbsp;<\/p>\n<p><strong><em>Vendredi 6 f\u00e9vrier \u00e0 10h et vendredi 27 mars \u00e0 17h30 \u00e0 l\u2019H\u00f4tel de Ville.<\/em><\/strong><\/p>\n<p><strong><em>Gratuit sur inscription au 01 41 54 80 76 ou \u00e0 <\/em><\/strong><a href=\"mailto:petite.enfance@neuillysurmarne.fr\"><strong><em>petite.enfance@neuillysurmarne.fr<\/em><\/strong><\/a><\/p>","protected":false},"excerpt":{"rendered":"<p>Vous \u00eates parents d\u2019un enfant de moins de trois ans et vous voulez y voir plus clair dans les diff\u00e9rents modes de garde ? Deux r\u00e9unions d\u2019information auront lieu, le vendredi 6 f\u00e9vrier et le vendredi 27 mars, \u00e0 l\u2019H\u00f4tel de Ville. La premi\u00e8re aura lieu le vendredi 6 f\u00e9vrier \u00e0 10h et la seconde [&hellip;]<\/p>\n","protected":false},"author":6,"featured_media":17358,"comment_status":"closed","ping_status":"closed","sticky":false,"template":"","format":"standard","meta":{"_acf_changed":false,"footnotes":""},"categories":[242],"tags":[270],"class_list":["post-17356","post","type-post","status-publish","format-standard","has-post-thumbnail","hentry","category-actualite","tag-enfance"],"acf":[],"yoast_head":"<!-- This site is optimized with the Yoast SEO plugin v27.4 - https:\/\/yoast.com\/product\/yoast-seo-wordpress\/ -->\n<title>D\u00e9couvrez les modes d\u2019accueil pour les enfants de 0 \u00e0 3 ans - Mairie de Neuilly-sur-Marne<\/title>\n<meta name=\"robots\" content=\"index, follow, max-snippet:-1, max-image-preview:large, max-video-preview:-1\" \/>\n<link rel=\"canonical\" href=\"https:\/\/www.neuillysurmarne.fr\/es\/decouvrez-les-modes-daccueil-pour-les-enfants-de-0-a-3-ans\/\" \/>\n<meta property=\"og:locale\" content=\"es_ES\" \/>\n<meta property=\"og:type\" content=\"article\" \/>\n<meta property=\"og:title\" content=\"D\u00e9couvrez les modes d\u2019accueil pour les enfants de 0 \u00e0 3 ans - Mairie de Neuilly-sur-Marne\" \/>\n<meta property=\"og:description\" content=\"Vous \u00eates parents d\u2019un enfant de moins de trois ans et vous voulez y voir plus clair dans les diff\u00e9rents modes de garde ? Deux r\u00e9unions d\u2019information auront lieu, le vendredi 6 f\u00e9vrier et le vendredi 27 mars, \u00e0 l\u2019H\u00f4tel de Ville. La premi\u00e8re aura lieu le vendredi 6 f\u00e9vrier \u00e0 10h et la seconde [&hellip;]\" \/>\n<meta property=\"og:url\" content=\"https:\/\/www.neuillysurmarne.fr\/es\/decouvrez-les-modes-daccueil-pour-les-enfants-de-0-a-3-ans\/\" \/>\n<meta property=\"og:site_name\" content=\"Mairie de Neuilly-sur-Marne\" \/>\n<meta property=\"article:publisher\" content=\"https:\/\/www.facebook.com\/ville.neuilly\" \/>\n<meta property=\"article:published_time\" content=\"2026-02-02T13:52:12+00:00\" \/>\n<meta property=\"og:image\" content=\"https:\/\/www.neuillysurmarne.fr\/wp-content\/uploads\/2026\/02\/pexels-fotios-photos-2721581-scaled.jpg\" \/>\n\t<meta property=\"og:image:width\" content=\"2560\" \/>\n\t<meta property=\"og:image:height\" content=\"1707\" \/>\n\t<meta property=\"og:image:type\" content=\"image\/jpeg\" \/>\n<meta name=\"author\" content=\"Mathias Alcaraz\" \/>\n<meta name=\"twitter:card\" content=\"summary_large_image\" \/>\n<meta name=\"twitter:label1\" content=\"Escrito por\" \/>\n\t<meta name=\"twitter:data1\" content=\"Mathias Alcaraz\" \/>\n\t<meta name=\"twitter:label2\" content=\"Tiempo de lectura\" \/>\n\t<meta name=\"twitter:data2\" content=\"2 minutos\" \/>\n<script type=\"application\/ld+json\" class=\"yoast-schema-graph\">{\"@context\":\"https:\\\/\\\/schema.org\",\"@graph\":[{\"@type\":\"Article\",\"@id\":\"https:\\\/\\\/www.neuillysurmarne.fr\\\/decouvrez-les-modes-daccueil-pour-les-enfants-de-0-a-3-ans\\\/#article\",\"isPartOf\":{\"@id\":\"https:\\\/\\\/www.neuillysurmarne.fr\\\/decouvrez-les-modes-daccueil-pour-les-enfants-de-0-a-3-ans\\\/\"},\"author\":{\"name\":\"Mathias Alcaraz\",\"@id\":\"https:\\\/\\\/www.neuillysurmarne.fr\\\/es\\\/#\\\/schema\\\/person\\\/456893e0e40cc2c79cca5a212236eccd\"},\"headline\":\"D\u00e9couvrez les modes d\u2019accueil pour les enfants de 0 \u00e0 3 ans\",\"datePublished\":\"2026-02-02T13:52:12+00:00\",\"mainEntityOfPage\":{\"@id\":\"https:\\\/\\\/www.neuillysurmarne.fr\\\/decouvrez-les-modes-daccueil-pour-les-enfants-de-0-a-3-ans\\\/\"},\"wordCount\":266,\"publisher\":{\"@id\":\"https:\\\/\\\/www.neuillysurmarne.fr\\\/es\\\/#organization\"},\"image\":{\"@id\":\"https:\\\/\\\/www.neuillysurmarne.fr\\\/decouvrez-les-modes-daccueil-pour-les-enfants-de-0-a-3-ans\\\/#primaryimage\"},\"thumbnailUrl\":\"https:\\\/\\\/www.neuillysurmarne.fr\\\/wp-content\\\/uploads\\\/2026\\\/02\\\/pexels-fotios-photos-2721581-scaled.jpg\",\"keywords\":[\"Enfance\"],\"articleSection\":[\"Actualit\u00e9\"],\"inLanguage\":\"es\"},{\"@type\":\"WebPage\",\"@id\":\"https:\\\/\\\/www.neuillysurmarne.fr\\\/decouvrez-les-modes-daccueil-pour-les-enfants-de-0-a-3-ans\\\/\",\"url\":\"https:\\\/\\\/www.neuillysurmarne.fr\\\/decouvrez-les-modes-daccueil-pour-les-enfants-de-0-a-3-ans\\\/\",\"name\":\"D\u00e9couvrez les modes d\u2019accueil pour les enfants de 0 \u00e0 3 ans - Mairie de Neuilly-sur-Marne\",\"isPartOf\":{\"@id\":\"https:\\\/\\\/www.neuillysurmarne.fr\\\/es\\\/#website\"},\"primaryImageOfPage\":{\"@id\":\"https:\\\/\\\/www.neuillysurmarne.fr\\\/decouvrez-les-modes-daccueil-pour-les-enfants-de-0-a-3-ans\\\/#primaryimage\"},\"image\":{\"@id\":\"https:\\\/\\\/www.neuillysurmarne.fr\\\/decouvrez-les-modes-daccueil-pour-les-enfants-de-0-a-3-ans\\\/#primaryimage\"},\"thumbnailUrl\":\"https:\\\/\\\/www.neuillysurmarne.fr\\\/wp-content\\\/uploads\\\/2026\\\/02\\\/pexels-fotios-photos-2721581-scaled.jpg\",\"datePublished\":\"2026-02-02T13:52:12+00:00\",\"breadcrumb\":{\"@id\":\"https:\\\/\\\/www.neuillysurmarne.fr\\\/decouvrez-les-modes-daccueil-pour-les-enfants-de-0-a-3-ans\\\/#breadcrumb\"},\"inLanguage\":\"es\",\"potentialAction\":[{\"@type\":\"ReadAction\",\"target\":[\"https:\\\/\\\/www.neuillysurmarne.fr\\\/decouvrez-les-modes-daccueil-pour-les-enfants-de-0-a-3-ans\\\/\"]}]},{\"@type\":\"ImageObject\",\"inLanguage\":\"es\",\"@id\":\"https:\\\/\\\/www.neuillysurmarne.fr\\\/decouvrez-les-modes-daccueil-pour-les-enfants-de-0-a-3-ans\\\/#primaryimage\",\"url\":\"https:\\\/\\\/www.neuillysurmarne.fr\\\/wp-content\\\/uploads\\\/2026\\\/02\\\/pexels-fotios-photos-2721581-scaled.jpg\",\"contentUrl\":\"https:\\\/\\\/www.neuillysurmarne.fr\\\/wp-content\\\/uploads\\\/2026\\\/02\\\/pexels-fotios-photos-2721581-scaled.jpg\",\"width\":2560,\"height\":1707},{\"@type\":\"BreadcrumbList\",\"@id\":\"https:\\\/\\\/www.neuillysurmarne.fr\\\/decouvrez-les-modes-daccueil-pour-les-enfants-de-0-a-3-ans\\\/#breadcrumb\",\"itemListElement\":[{\"@type\":\"ListItem\",\"position\":1,\"name\":\"Accueil\",\"item\":\"https:\\\/\\\/www.neuillysurmarne.fr\\\/\"},{\"@type\":\"ListItem\",\"position\":2,\"name\":\"D\u00e9couvrez les modes d\u2019accueil pour les enfants de 0 \u00e0 3 ans\"}]},{\"@type\":\"WebSite\",\"@id\":\"https:\\\/\\\/www.neuillysurmarne.fr\\\/es\\\/#website\",\"url\":\"https:\\\/\\\/www.neuillysurmarne.fr\\\/es\\\/\",\"name\":\"Mairie de Neuilly-sur-Marne\",\"description\":\"BETA\",\"publisher\":{\"@id\":\"https:\\\/\\\/www.neuillysurmarne.fr\\\/es\\\/#organization\"},\"potentialAction\":[{\"@type\":\"SearchAction\",\"target\":{\"@type\":\"EntryPoint\",\"urlTemplate\":\"https:\\\/\\\/www.neuillysurmarne.fr\\\/es\\\/?s={search_term_string}\"},\"query-input\":{\"@type\":\"PropertyValueSpecification\",\"valueRequired\":true,\"valueName\":\"search_term_string\"}}],\"inLanguage\":\"es\"},{\"@type\":\"Organization\",\"@id\":\"https:\\\/\\\/www.neuillysurmarne.fr\\\/es\\\/#organization\",\"name\":\"Mairie de Neuilly-sur-Marne\",\"url\":\"https:\\\/\\\/www.neuillysurmarne.fr\\\/es\\\/\",\"logo\":{\"@type\":\"ImageObject\",\"inLanguage\":\"es\",\"@id\":\"https:\\\/\\\/www.neuillysurmarne.fr\\\/es\\\/#\\\/schema\\\/logo\\\/image\\\/\",\"url\":\"https:\\\/\\\/www.neuillysurmarne.fr\\\/wp-content\\\/uploads\\\/2023\\\/10\\\/LOGO-NeuillysurMarne-blanc.png\",\"contentUrl\":\"https:\\\/\\\/www.neuillysurmarne.fr\\\/wp-content\\\/uploads\\\/2023\\\/10\\\/LOGO-NeuillysurMarne-blanc.png\",\"width\":3308,\"height\":2586,\"caption\":\"Mairie de Neuilly-sur-Marne\"},\"image\":{\"@id\":\"https:\\\/\\\/www.neuillysurmarne.fr\\\/es\\\/#\\\/schema\\\/logo\\\/image\\\/\"},\"sameAs\":[\"https:\\\/\\\/www.facebook.com\\\/ville.neuilly\",\"https:\\\/\\\/www.instagram.com\\\/neuilly_marne\\\/\",\"https:\\\/\\\/www.linkedin.com\\\/company\\\/ville-de-neuilly-sur-marne\\\/\",\"https:\\\/\\\/www.youtube.com\\\/channel\\\/UCDdZ0TLrV8rfIqjBGvoeB5A\",\"https:\\\/\\\/www.tiktok.com\\\/@villedeneuillysurmarne\"]},{\"@type\":\"Person\",\"@id\":\"https:\\\/\\\/www.neuillysurmarne.fr\\\/es\\\/#\\\/schema\\\/person\\\/456893e0e40cc2c79cca5a212236eccd\",\"name\":\"Mathias Alcaraz\",\"image\":{\"@type\":\"ImageObject\",\"inLanguage\":\"es\",\"@id\":\"https:\\\/\\\/secure.gravatar.com\\\/avatar\\\/3768b1b203b0afe2afc9124d89d5742118838bc1d8403702299f4318a8a5759c?s=96&d=mm&r=g\",\"url\":\"https:\\\/\\\/secure.gravatar.com\\\/avatar\\\/3768b1b203b0afe2afc9124d89d5742118838bc1d8403702299f4318a8a5759c?s=96&d=mm&r=g\",\"contentUrl\":\"https:\\\/\\\/secure.gravatar.com\\\/avatar\\\/3768b1b203b0afe2afc9124d89d5742118838bc1d8403702299f4318a8a5759c?s=96&d=mm&r=g\",\"caption\":\"Mathias Alcaraz\"},\"url\":\"https:\\\/\\\/www.neuillysurmarne.fr\\\/es\\\/author\\\/mathias-alcaraz\\\/\"}]}<\/script>\n<!-- \/ Yoast SEO plugin. -->","yoast_head_json":{"title":"D\u00e9couvrez les modes d\u2019accueil pour les enfants de 0 \u00e0 3 ans - Mairie de Neuilly-sur-Marne","robots":{"index":"index","follow":"follow","max-snippet":"max-snippet:-1","max-image-preview":"max-image-preview:large","max-video-preview":"max-video-preview:-1"},"canonical":"https:\/\/www.neuillysurmarne.fr\/es\/decouvrez-les-modes-daccueil-pour-les-enfants-de-0-a-3-ans\/","og_locale":"es_ES","og_type":"article","og_title":"D\u00e9couvrez les modes d\u2019accueil pour les enfants de 0 \u00e0 3 ans - Mairie de Neuilly-sur-Marne","og_description":"Vous \u00eates parents d\u2019un enfant de moins de trois ans et vous voulez y voir plus clair dans les diff\u00e9rents modes de garde ? Deux r\u00e9unions d\u2019information auront lieu, le vendredi 6 f\u00e9vrier et le vendredi 27 mars, \u00e0 l\u2019H\u00f4tel de Ville. La premi\u00e8re aura lieu le vendredi 6 f\u00e9vrier \u00e0 10h et la seconde [&hellip;]","og_url":"https:\/\/www.neuillysurmarne.fr\/es\/decouvrez-les-modes-daccueil-pour-les-enfants-de-0-a-3-ans\/","og_site_name":"Mairie de Neuilly-sur-Marne","article_publisher":"https:\/\/www.facebook.com\/ville.neuilly","article_published_time":"2026-02-02T13:52:12+00:00","og_image":[{"width":2560,"height":1707,"url":"https:\/\/www.neuillysurmarne.fr\/wp-content\/uploads\/2026\/02\/pexels-fotios-photos-2721581-scaled.jpg","type":"image\/jpeg"}],"author":"Mathias Alcaraz","twitter_card":"summary_large_image","twitter_misc":{"Escrito por":"Mathias Alcaraz","Tiempo de lectura":"2 minutos"},"schema":{"@context":"https:\/\/schema.org","@graph":[{"@type":"Article","@id":"https:\/\/www.neuillysurmarne.fr\/decouvrez-les-modes-daccueil-pour-les-enfants-de-0-a-3-ans\/#article","isPartOf":{"@id":"https:\/\/www.neuillysurmarne.fr\/decouvrez-les-modes-daccueil-pour-les-enfants-de-0-a-3-ans\/"},"author":{"name":"Mathias Alcaraz","@id":"https:\/\/www.neuillysurmarne.fr\/es\/#\/schema\/person\/456893e0e40cc2c79cca5a212236eccd"},"headline":"D\u00e9couvrez les modes d\u2019accueil pour les enfants de 0 \u00e0 3 ans","datePublished":"2026-02-02T13:52:12+00:00","mainEntityOfPage":{"@id":"https:\/\/www.neuillysurmarne.fr\/decouvrez-les-modes-daccueil-pour-les-enfants-de-0-a-3-ans\/"},"wordCount":266,"publisher":{"@id":"https:\/\/www.neuillysurmarne.fr\/es\/#organization"},"image":{"@id":"https:\/\/www.neuillysurmarne.fr\/decouvrez-les-modes-daccueil-pour-les-enfants-de-0-a-3-ans\/#primaryimage"},"thumbnailUrl":"https:\/\/www.neuillysurmarne.fr\/wp-content\/uploads\/2026\/02\/pexels-fotios-photos-2721581-scaled.jpg","keywords":["Enfance"],"articleSection":["Actualit\u00e9"],"inLanguage":"es"},{"@type":"WebPage","@id":"https:\/\/www.neuillysurmarne.fr\/decouvrez-les-modes-daccueil-pour-les-enfants-de-0-a-3-ans\/","url":"https:\/\/www.neuillysurmarne.fr\/decouvrez-les-modes-daccueil-pour-les-enfants-de-0-a-3-ans\/","name":"D\u00e9couvrez les modes d\u2019accueil pour les enfants de 0 \u00e0 3 ans - Mairie de Neuilly-sur-Marne","isPartOf":{"@id":"https:\/\/www.neuillysurmarne.fr\/es\/#website"},"primaryImageOfPage":{"@id":"https:\/\/www.neuillysurmarne.fr\/decouvrez-les-modes-daccueil-pour-les-enfants-de-0-a-3-ans\/#primaryimage"},"image":{"@id":"https:\/\/www.neuillysurmarne.fr\/decouvrez-les-modes-daccueil-pour-les-enfants-de-0-a-3-ans\/#primaryimage"},"thumbnailUrl":"https:\/\/www.neuillysurmarne.fr\/wp-content\/uploads\/2026\/02\/pexels-fotios-photos-2721581-scaled.jpg","datePublished":"2026-02-02T13:52:12+00:00","breadcrumb":{"@id":"https:\/\/www.neuillysurmarne.fr\/decouvrez-les-modes-daccueil-pour-les-enfants-de-0-a-3-ans\/#breadcrumb"},"inLanguage":"es","potentialAction":[{"@type":"ReadAction","target":["https:\/\/www.neuillysurmarne.fr\/decouvrez-les-modes-daccueil-pour-les-enfants-de-0-a-3-ans\/"]}]},{"@type":"ImageObject","inLanguage":"es","@id":"https:\/\/www.neuillysurmarne.fr\/decouvrez-les-modes-daccueil-pour-les-enfants-de-0-a-3-ans\/#primaryimage","url":"https:\/\/www.neuillysurmarne.fr\/wp-content\/uploads\/2026\/02\/pexels-fotios-photos-2721581-scaled.jpg","contentUrl":"https:\/\/www.neuillysurmarne.fr\/wp-content\/uploads\/2026\/02\/pexels-fotios-photos-2721581-scaled.jpg","width":2560,"height":1707},{"@type":"BreadcrumbList","@id":"https:\/\/www.neuillysurmarne.fr\/decouvrez-les-modes-daccueil-pour-les-enfants-de-0-a-3-ans\/#breadcrumb","itemListElement":[{"@type":"ListItem","position":1,"name":"Accueil","item":"https:\/\/www.neuillysurmarne.fr\/"},{"@type":"ListItem","position":2,"name":"D\u00e9couvrez les modes d\u2019accueil pour les enfants de 0 \u00e0 3 ans"}]},{"@type":"WebSite","@id":"https:\/\/www.neuillysurmarne.fr\/es\/#website","url":"https:\/\/www.neuillysurmarne.fr\/es\/","name":"Ayuntamiento de Neuilly-sur-Marne","description":"BETA","publisher":{"@id":"https:\/\/www.neuillysurmarne.fr\/es\/#organization"},"potentialAction":[{"@type":"SearchAction","target":{"@type":"EntryPoint","urlTemplate":"https:\/\/www.neuillysurmarne.fr\/es\/?s={search_term_string}"},"query-input":{"@type":"PropertyValueSpecification","valueRequired":true,"valueName":"search_term_string"}}],"inLanguage":"es"},{"@type":"Organization","@id":"https:\/\/www.neuillysurmarne.fr\/es\/#organization","name":"Ayuntamiento de Neuilly-sur-Marne","url":"https:\/\/www.neuillysurmarne.fr\/es\/","logo":{"@type":"ImageObject","inLanguage":"es","@id":"https:\/\/www.neuillysurmarne.fr\/es\/#\/schema\/logo\/image\/","url":"https:\/\/www.neuillysurmarne.fr\/wp-content\/uploads\/2023\/10\/LOGO-NeuillysurMarne-blanc.png","contentUrl":"https:\/\/www.neuillysurmarne.fr\/wp-content\/uploads\/2023\/10\/LOGO-NeuillysurMarne-blanc.png","width":3308,"height":2586,"caption":"Mairie de Neuilly-sur-Marne"},"image":{"@id":"https:\/\/www.neuillysurmarne.fr\/es\/#\/schema\/logo\/image\/"},"sameAs":["https:\/\/www.facebook.com\/ville.neuilly","https:\/\/www.instagram.com\/neuilly_marne\/","https:\/\/www.linkedin.com\/company\/ville-de-neuilly-sur-marne\/","https:\/\/www.youtube.com\/channel\/UCDdZ0TLrV8rfIqjBGvoeB5A","https:\/\/www.tiktok.com\/@villedeneuillysurmarne"]},{"@type":"Person","@id":"https:\/\/www.neuillysurmarne.fr\/es\/#\/schema\/person\/456893e0e40cc2c79cca5a212236eccd","name":"Mathias Alcaraz","image":{"@type":"ImageObject","inLanguage":"es","@id":"https:\/\/secure.gravatar.com\/avatar\/3768b1b203b0afe2afc9124d89d5742118838bc1d8403702299f4318a8a5759c?s=96&d=mm&r=g","url":"https:\/\/secure.gravatar.com\/avatar\/3768b1b203b0afe2afc9124d89d5742118838bc1d8403702299f4318a8a5759c?s=96&d=mm&r=g","contentUrl":"https:\/\/secure.gravatar.com\/avatar\/3768b1b203b0afe2afc9124d89d5742118838bc1d8403702299f4318a8a5759c?s=96&d=mm&r=g","caption":"Mathias Alcaraz"},"url":"https:\/\/www.neuillysurmarne.fr\/es\/author\/mathias-alcaraz\/"}]}},"_links":{"self":[{"href":"https:\/\/www.neuillysurmarne.fr\/es\/wp-json\/wp\/v2\/posts\/17356","targetHints":{"allow":["GET"]}}],"collection":[{"href":"https:\/\/www.neuillysurmarne.fr\/es\/wp-json\/wp\/v2\/posts"}],"about":[{"href":"https:\/\/www.neuillysurmarne.fr\/es\/wp-json\/wp\/v2\/types\/post"}],"author":[{"embeddable":true,"href":"https:\/\/www.neuillysurmarne.fr\/es\/wp-json\/wp\/v2\/users\/6"}],"replies":[{"embeddable":true,"href":"https:\/\/www.neuillysurmarne.fr\/es\/wp-json\/wp\/v2\/comments?post=17356"}],"version-history":[{"count":1,"href":"https:\/\/www.neuillysurmarne.fr\/es\/wp-json\/wp\/v2\/posts\/17356\/revisions"}],"predecessor-version":[{"id":17357,"href":"https:\/\/www.neuillysurmarne.fr\/es\/wp-json\/wp\/v2\/posts\/17356\/revisions\/17357"}],"wp:featuredmedia":[{"embeddable":true,"href":"https:\/\/www.neuillysurmarne.fr\/es\/wp-json\/wp\/v2\/media\/17358"}],"wp:attachment":[{"href":"https:\/\/www.neuillysurmarne.fr\/es\/wp-json\/wp\/v2\/media?parent=17356"}],"wp:term":[{"taxonomy":"category","embeddable":true,"href":"https:\/\/www.neuillysurmarne.fr\/es\/wp-json\/wp\/v2\/categories?post=17356"},{"taxonomy":"post_tag","embeddable":true,"href":"https:\/\/www.neuillysurmarne.fr\/es\/wp-json\/wp\/v2\/tags?post=17356"}],"curies":[{"name":"wp","href":"https:\/\/api.w.org\/{rel}","templated":true}]}}