{"id":17451,"date":"2026-02-17T10:21:54","date_gmt":"2026-02-17T09:21:54","guid":{"rendered":"https:\/\/www.neuillysurmarne.fr\/?p=17451"},"modified":"2026-02-17T10:26:44","modified_gmt":"2026-02-17T09:26:44","slug":"artisans-commercants-participez-au-marche-nocturne-estival-et-ou-au-marche-de-la-saint-nicolas","status":"publish","type":"post","link":"https:\/\/www.neuillysurmarne.fr\/es\/artisans-commercants-participez-au-marche-nocturne-estival-et-ou-au-marche-de-la-saint-nicolas\/","title":{"rendered":"Artisans, commer\u00e7ants : participez au march\u00e9 nocturne estival et\/ou au march\u00e9 de la Saint-Nicolas !"},"content":{"rendered":"<h3 data-start=\"0\" data-end=\"115\"><strong><span class=\"hover:entity-accent entity-underline inline cursor-pointer align-baseline\"><span class=\"whitespace-normal\">D<\/span><\/span>eux appels \u00e0 candidatures pour les commer\u00e7ants, artisans et producteurs<\/strong><\/h3>\n<p data-start=\"117\" data-end=\"372\">La Ville lance deux appels \u00e0 candidatures \u00e0 destination des <strong data-start=\"177\" data-end=\"217\">commer\u00e7ants, artisans et producteurs<\/strong> souhaitant participer aux temps forts de l\u2019ann\u00e9e 2026. Ne manquez pas ces opportunit\u00e9s de valoriser votre savoir-faire !<\/p>\n<h3 data-start=\"379\" data-end=\"416\">\ud83c\udf19 March\u00e9 nocturne \u2013 12 juin 2026<\/h3>\n<p data-start=\"418\" data-end=\"614\">Le march\u00e9 nocturne se tiendra le vendredi 12 juin 2026. Cet \u00e9v\u00e9nement convivial mettra \u00e0 l\u2019honneur les cr\u00e9ations artisanales, les produits r\u00e9gionaux et les commerces de qualit\u00e9.<\/p>\n<p data-start=\"616\" data-end=\"722\"><strong>&#8211; <\/strong><a href=\"https:\/\/www.neuillysurmarne.fr\/wp-content\/uploads\/2026\/02\/Appel-a-candidatures-marche-nocturne-2026.pdf\"><strong data-start=\"619\" data-end=\"676\">Dossier de candidature \u00e0 t\u00e9l\u00e9charger en cliquant ici<\/strong><\/a><br data-start=\"676\" data-end=\"679\" \/><strong>&#8211; <\/strong><strong data-start=\"682\" data-end=\"722\">Date limite de retour : 10 mai 2026<\/strong><\/p>\n<h3 data-start=\"729\" data-end=\"788\">\ud83c\udf84 March\u00e9 de la Saint-Nicolas \u2013 du 4 au 6 d\u00e9cembre 2026<\/h3>\n<p data-start=\"790\" data-end=\"993\">Le traditionnel march\u00e9 de la Saint-Nicolas se d\u00e9roulera du 4 au 6 d\u00e9cembre 2026. Durant trois jours, exposants et visiteurs partageront un moment chaleureux aux couleurs des f\u00eates de fin d\u2019ann\u00e9e.<\/p>\n<p data-start=\"995\" data-end=\"1105\"><strong>&#8211; <\/strong><a href=\"https:\/\/www.neuillysurmarne.fr\/wp-content\/uploads\/2026\/02\/Appel-a-candidatures-marche-de-Noel-2026.pdf\"><strong data-start=\"998\" data-end=\"1055\">Dossier de candidature \u00e0 t\u00e9l\u00e9charger en cliquant ici<\/strong><\/a><br data-start=\"1055\" data-end=\"1058\" \/><strong>&#8211; <\/strong><strong data-start=\"1061\" data-end=\"1105\">Date limite de retour : 31 octobre 2026<\/strong><\/p>\n<h3 data-start=\"1112\" data-end=\"1153\">\ud83d\udcec Modalit\u00e9s d\u2019envoi des candidatures<\/h3>\n<p data-start=\"1155\" data-end=\"1196\">Les dossiers compl\u00e9t\u00e9s sont \u00e0 retourner :<\/p>\n<p data-start=\"1198\" data-end=\"1350\"><strong data-start=\"1198\" data-end=\"1216\">Par courrier :<\/strong><br data-start=\"1216\" data-end=\"1219\" \/>Ayuntamiento de Neuilly-sur-Marne<br data-start=\"1246\" data-end=\"1249\" \/>Service Dynamiques Locales \u2013 P\u00f4le Commerce<br data-start=\"1291\" data-end=\"1294\" \/>1 place Fran\u00e7ois Mitterrand<br data-start=\"1322\" data-end=\"1325\" \/>93330 Neuilly-sur-Marne<\/p>\n<p data-start=\"1352\" data-end=\"1408\"><strong data-start=\"1352\" data-end=\"1373\">Ou par courriel :<\/strong><br data-start=\"1373\" data-end=\"1376\" \/><strong><a class=\"decorated-link cursor-pointer\" href=\"mailto:commerce@neuillysurmarne.fr\" rel=\"noopener\" data-start=\"1379\" data-end=\"1406\">commerce@neuillysurmarne.fr<\/a><\/strong><\/p>","protected":false},"excerpt":{"rendered":"<p>Deux appels \u00e0 candidatures pour les commer\u00e7ants, artisans et producteurs La Ville lance deux appels \u00e0 candidatures \u00e0 destination des commer\u00e7ants, artisans et producteurs souhaitant participer aux temps forts de l\u2019ann\u00e9e 2026. Ne manquez pas ces opportunit\u00e9s de valoriser votre savoir-faire ! \ud83c\udf19 March\u00e9 nocturne \u2013 12 juin 2026 Le march\u00e9 nocturne se tiendra le [&hellip;]<\/p>\n","protected":false},"author":2,"featured_media":16133,"comment_status":"closed","ping_status":"closed","sticky":false,"template":"","format":"standard","meta":{"_acf_changed":false,"footnotes":""},"categories":[242],"tags":[],"class_list":["post-17451","post","type-post","status-publish","format-standard","has-post-thumbnail","hentry","category-actualite"],"acf":[],"yoast_head":"<!-- This site is optimized with the Yoast SEO plugin v27.4 - https:\/\/yoast.com\/product\/yoast-seo-wordpress\/ -->\n<title>Artisans, commer\u00e7ants : participez au march\u00e9 nocturne estival et\/ou au march\u00e9 de la Saint-Nicolas ! - Mairie de Neuilly-sur-Marne<\/title>\n<meta name=\"robots\" content=\"index, follow, max-snippet:-1, max-image-preview:large, max-video-preview:-1\" \/>\n<link rel=\"canonical\" href=\"https:\/\/www.neuillysurmarne.fr\/es\/artisans-commercants-participez-au-marche-nocturne-estival-et-ou-au-marche-de-la-saint-nicolas\/\" \/>\n<meta property=\"og:locale\" content=\"es_ES\" \/>\n<meta property=\"og:type\" content=\"article\" \/>\n<meta property=\"og:title\" content=\"Artisans, commer\u00e7ants : participez au march\u00e9 nocturne estival et\/ou au march\u00e9 de la Saint-Nicolas ! - Mairie de Neuilly-sur-Marne\" \/>\n<meta property=\"og:description\" content=\"Deux appels \u00e0 candidatures pour les commer\u00e7ants, artisans et producteurs La Ville lance deux appels \u00e0 candidatures \u00e0 destination des commer\u00e7ants, artisans et producteurs souhaitant participer aux temps forts de l\u2019ann\u00e9e 2026. Ne manquez pas ces opportunit\u00e9s de valoriser votre savoir-faire ! \ud83c\udf19 March\u00e9 nocturne \u2013 12 juin 2026 Le march\u00e9 nocturne se tiendra le [&hellip;]\" \/>\n<meta property=\"og:url\" content=\"https:\/\/www.neuillysurmarne.fr\/es\/artisans-commercants-participez-au-marche-nocturne-estival-et-ou-au-marche-de-la-saint-nicolas\/\" \/>\n<meta property=\"og:site_name\" content=\"Mairie de Neuilly-sur-Marne\" \/>\n<meta property=\"article:publisher\" content=\"https:\/\/www.facebook.com\/ville.neuilly\" \/>\n<meta property=\"article:published_time\" content=\"2026-02-17T09:21:54+00:00\" \/>\n<meta property=\"article:modified_time\" content=\"2026-02-17T09:26:44+00:00\" \/>\n<meta property=\"og:image\" content=\"https:\/\/www.neuillysurmarne.fr\/wp-content\/uploads\/2025\/08\/Marche-Saint-Nicolas-12.2024-24-scaled.jpg\" \/>\n\t<meta property=\"og:image:width\" content=\"2560\" \/>\n\t<meta property=\"og:image:height\" content=\"1707\" \/>\n\t<meta property=\"og:image:type\" content=\"image\/jpeg\" \/>\n<meta name=\"author\" content=\"Laurie\" \/>\n<meta name=\"twitter:card\" content=\"summary_large_image\" \/>\n<meta name=\"twitter:label1\" content=\"Escrito por\" \/>\n\t<meta name=\"twitter:data1\" content=\"Laurie\" \/>\n\t<meta name=\"twitter:label2\" content=\"Tiempo de lectura\" \/>\n\t<meta name=\"twitter:data2\" content=\"2 minutos\" \/>\n<script type=\"application\/ld+json\" class=\"yoast-schema-graph\">{\"@context\":\"https:\\\/\\\/schema.org\",\"@graph\":[{\"@type\":\"Article\",\"@id\":\"https:\\\/\\\/www.neuillysurmarne.fr\\\/artisans-commercants-participez-au-marche-nocturne-estival-et-ou-au-marche-de-la-saint-nicolas\\\/#article\",\"isPartOf\":{\"@id\":\"https:\\\/\\\/www.neuillysurmarne.fr\\\/artisans-commercants-participez-au-marche-nocturne-estival-et-ou-au-marche-de-la-saint-nicolas\\\/\"},\"author\":{\"name\":\"Laurie\",\"@id\":\"https:\\\/\\\/www.neuillysurmarne.fr\\\/es\\\/#\\\/schema\\\/person\\\/fc97a7b233f3533476c0f151a054a9d1\"},\"headline\":\"Artisans, commer\u00e7ants : participez au march\u00e9 nocturne estival et\\\/ou au march\u00e9 de la Saint-Nicolas !\",\"datePublished\":\"2026-02-17T09:21:54+00:00\",\"dateModified\":\"2026-02-17T09:26:44+00:00\",\"mainEntityOfPage\":{\"@id\":\"https:\\\/\\\/www.neuillysurmarne.fr\\\/artisans-commercants-participez-au-marche-nocturne-estival-et-ou-au-marche-de-la-saint-nicolas\\\/\"},\"wordCount\":196,\"publisher\":{\"@id\":\"https:\\\/\\\/www.neuillysurmarne.fr\\\/es\\\/#organization\"},\"image\":{\"@id\":\"https:\\\/\\\/www.neuillysurmarne.fr\\\/artisans-commercants-participez-au-marche-nocturne-estival-et-ou-au-marche-de-la-saint-nicolas\\\/#primaryimage\"},\"thumbnailUrl\":\"https:\\\/\\\/www.neuillysurmarne.fr\\\/wp-content\\\/uploads\\\/2025\\\/08\\\/Marche-Saint-Nicolas-12.2024-24-scaled.jpg\",\"articleSection\":[\"Actualit\u00e9\"],\"inLanguage\":\"es\"},{\"@type\":\"WebPage\",\"@id\":\"https:\\\/\\\/www.neuillysurmarne.fr\\\/artisans-commercants-participez-au-marche-nocturne-estival-et-ou-au-marche-de-la-saint-nicolas\\\/\",\"url\":\"https:\\\/\\\/www.neuillysurmarne.fr\\\/artisans-commercants-participez-au-marche-nocturne-estival-et-ou-au-marche-de-la-saint-nicolas\\\/\",\"name\":\"Artisans, commer\u00e7ants : participez au march\u00e9 nocturne estival et\\\/ou au march\u00e9 de la Saint-Nicolas ! - Mairie de Neuilly-sur-Marne\",\"isPartOf\":{\"@id\":\"https:\\\/\\\/www.neuillysurmarne.fr\\\/es\\\/#website\"},\"primaryImageOfPage\":{\"@id\":\"https:\\\/\\\/www.neuillysurmarne.fr\\\/artisans-commercants-participez-au-marche-nocturne-estival-et-ou-au-marche-de-la-saint-nicolas\\\/#primaryimage\"},\"image\":{\"@id\":\"https:\\\/\\\/www.neuillysurmarne.fr\\\/artisans-commercants-participez-au-marche-nocturne-estival-et-ou-au-marche-de-la-saint-nicolas\\\/#primaryimage\"},\"thumbnailUrl\":\"https:\\\/\\\/www.neuillysurmarne.fr\\\/wp-content\\\/uploads\\\/2025\\\/08\\\/Marche-Saint-Nicolas-12.2024-24-scaled.jpg\",\"datePublished\":\"2026-02-17T09:21:54+00:00\",\"dateModified\":\"2026-02-17T09:26:44+00:00\",\"breadcrumb\":{\"@id\":\"https:\\\/\\\/www.neuillysurmarne.fr\\\/artisans-commercants-participez-au-marche-nocturne-estival-et-ou-au-marche-de-la-saint-nicolas\\\/#breadcrumb\"},\"inLanguage\":\"es\",\"potentialAction\":[{\"@type\":\"ReadAction\",\"target\":[\"https:\\\/\\\/www.neuillysurmarne.fr\\\/artisans-commercants-participez-au-marche-nocturne-estival-et-ou-au-marche-de-la-saint-nicolas\\\/\"]}]},{\"@type\":\"ImageObject\",\"inLanguage\":\"es\",\"@id\":\"https:\\\/\\\/www.neuillysurmarne.fr\\\/artisans-commercants-participez-au-marche-nocturne-estival-et-ou-au-marche-de-la-saint-nicolas\\\/#primaryimage\",\"url\":\"https:\\\/\\\/www.neuillysurmarne.fr\\\/wp-content\\\/uploads\\\/2025\\\/08\\\/Marche-Saint-Nicolas-12.2024-24-scaled.jpg\",\"contentUrl\":\"https:\\\/\\\/www.neuillysurmarne.fr\\\/wp-content\\\/uploads\\\/2025\\\/08\\\/Marche-Saint-Nicolas-12.2024-24-scaled.jpg\",\"width\":2560,\"height\":1707},{\"@type\":\"BreadcrumbList\",\"@id\":\"https:\\\/\\\/www.neuillysurmarne.fr\\\/artisans-commercants-participez-au-marche-nocturne-estival-et-ou-au-marche-de-la-saint-nicolas\\\/#breadcrumb\",\"itemListElement\":[{\"@type\":\"ListItem\",\"position\":1,\"name\":\"Accueil\",\"item\":\"https:\\\/\\\/www.neuillysurmarne.fr\\\/\"},{\"@type\":\"ListItem\",\"position\":2,\"name\":\"Artisans, commer\u00e7ants : participez au march\u00e9 nocturne estival et\\\/ou au march\u00e9 de la Saint-Nicolas !\"}]},{\"@type\":\"WebSite\",\"@id\":\"https:\\\/\\\/www.neuillysurmarne.fr\\\/es\\\/#website\",\"url\":\"https:\\\/\\\/www.neuillysurmarne.fr\\\/es\\\/\",\"name\":\"Mairie de Neuilly-sur-Marne\",\"description\":\"BETA\",\"publisher\":{\"@id\":\"https:\\\/\\\/www.neuillysurmarne.fr\\\/es\\\/#organization\"},\"potentialAction\":[{\"@type\":\"SearchAction\",\"target\":{\"@type\":\"EntryPoint\",\"urlTemplate\":\"https:\\\/\\\/www.neuillysurmarne.fr\\\/es\\\/?s={search_term_string}\"},\"query-input\":{\"@type\":\"PropertyValueSpecification\",\"valueRequired\":true,\"valueName\":\"search_term_string\"}}],\"inLanguage\":\"es\"},{\"@type\":\"Organization\",\"@id\":\"https:\\\/\\\/www.neuillysurmarne.fr\\\/es\\\/#organization\",\"name\":\"Mairie de Neuilly-sur-Marne\",\"url\":\"https:\\\/\\\/www.neuillysurmarne.fr\\\/es\\\/\",\"logo\":{\"@type\":\"ImageObject\",\"inLanguage\":\"es\",\"@id\":\"https:\\\/\\\/www.neuillysurmarne.fr\\\/es\\\/#\\\/schema\\\/logo\\\/image\\\/\",\"url\":\"https:\\\/\\\/www.neuillysurmarne.fr\\\/wp-content\\\/uploads\\\/2023\\\/10\\\/LOGO-NeuillysurMarne-blanc.png\",\"contentUrl\":\"https:\\\/\\\/www.neuillysurmarne.fr\\\/wp-content\\\/uploads\\\/2023\\\/10\\\/LOGO-NeuillysurMarne-blanc.png\",\"width\":3308,\"height\":2586,\"caption\":\"Mairie de Neuilly-sur-Marne\"},\"image\":{\"@id\":\"https:\\\/\\\/www.neuillysurmarne.fr\\\/es\\\/#\\\/schema\\\/logo\\\/image\\\/\"},\"sameAs\":[\"https:\\\/\\\/www.facebook.com\\\/ville.neuilly\",\"https:\\\/\\\/www.instagram.com\\\/neuilly_marne\\\/\",\"https:\\\/\\\/www.linkedin.com\\\/company\\\/ville-de-neuilly-sur-marne\\\/\",\"https:\\\/\\\/www.youtube.com\\\/channel\\\/UCDdZ0TLrV8rfIqjBGvoeB5A\",\"https:\\\/\\\/www.tiktok.com\\\/@villedeneuillysurmarne\"]},{\"@type\":\"Person\",\"@id\":\"https:\\\/\\\/www.neuillysurmarne.fr\\\/es\\\/#\\\/schema\\\/person\\\/fc97a7b233f3533476c0f151a054a9d1\",\"name\":\"Laurie\",\"image\":{\"@type\":\"ImageObject\",\"inLanguage\":\"es\",\"@id\":\"https:\\\/\\\/secure.gravatar.com\\\/avatar\\\/aed93f491b5b494ae0db0f36fde403661e12c84c81b737368b3df13d30768a94?s=96&d=mm&r=g\",\"url\":\"https:\\\/\\\/secure.gravatar.com\\\/avatar\\\/aed93f491b5b494ae0db0f36fde403661e12c84c81b737368b3df13d30768a94?s=96&d=mm&r=g\",\"contentUrl\":\"https:\\\/\\\/secure.gravatar.com\\\/avatar\\\/aed93f491b5b494ae0db0f36fde403661e12c84c81b737368b3df13d30768a94?s=96&d=mm&r=g\",\"caption\":\"Laurie\"},\"url\":\"https:\\\/\\\/www.neuillysurmarne.fr\\\/es\\\/author\\\/laurie\\\/\"}]}<\/script>\n<!-- \/ Yoast SEO plugin. -->","yoast_head_json":{"title":"Artisans, commer\u00e7ants : participez au march\u00e9 nocturne estival et\/ou au march\u00e9 de la Saint-Nicolas ! - Mairie de Neuilly-sur-Marne","robots":{"index":"index","follow":"follow","max-snippet":"max-snippet:-1","max-image-preview":"max-image-preview:large","max-video-preview":"max-video-preview:-1"},"canonical":"https:\/\/www.neuillysurmarne.fr\/es\/artisans-commercants-participez-au-marche-nocturne-estival-et-ou-au-marche-de-la-saint-nicolas\/","og_locale":"es_ES","og_type":"article","og_title":"Artisans, commer\u00e7ants : participez au march\u00e9 nocturne estival et\/ou au march\u00e9 de la Saint-Nicolas ! - Mairie de Neuilly-sur-Marne","og_description":"Deux appels \u00e0 candidatures pour les commer\u00e7ants, artisans et producteurs La Ville lance deux appels \u00e0 candidatures \u00e0 destination des commer\u00e7ants, artisans et producteurs souhaitant participer aux temps forts de l\u2019ann\u00e9e 2026. Ne manquez pas ces opportunit\u00e9s de valoriser votre savoir-faire ! \ud83c\udf19 March\u00e9 nocturne \u2013 12 juin 2026 Le march\u00e9 nocturne se tiendra le [&hellip;]","og_url":"https:\/\/www.neuillysurmarne.fr\/es\/artisans-commercants-participez-au-marche-nocturne-estival-et-ou-au-marche-de-la-saint-nicolas\/","og_site_name":"Mairie de Neuilly-sur-Marne","article_publisher":"https:\/\/www.facebook.com\/ville.neuilly","article_published_time":"2026-02-17T09:21:54+00:00","article_modified_time":"2026-02-17T09:26:44+00:00","og_image":[{"width":2560,"height":1707,"url":"https:\/\/www.neuillysurmarne.fr\/wp-content\/uploads\/2025\/08\/Marche-Saint-Nicolas-12.2024-24-scaled.jpg","type":"image\/jpeg"}],"author":"Laurie","twitter_card":"summary_large_image","twitter_misc":{"Escrito por":"Laurie","Tiempo de lectura":"2 minutos"},"schema":{"@context":"https:\/\/schema.org","@graph":[{"@type":"Article","@id":"https:\/\/www.neuillysurmarne.fr\/artisans-commercants-participez-au-marche-nocturne-estival-et-ou-au-marche-de-la-saint-nicolas\/#article","isPartOf":{"@id":"https:\/\/www.neuillysurmarne.fr\/artisans-commercants-participez-au-marche-nocturne-estival-et-ou-au-marche-de-la-saint-nicolas\/"},"author":{"name":"Laurie","@id":"https:\/\/www.neuillysurmarne.fr\/es\/#\/schema\/person\/fc97a7b233f3533476c0f151a054a9d1"},"headline":"Artisans, commer\u00e7ants : participez au march\u00e9 nocturne estival et\/ou au march\u00e9 de la Saint-Nicolas !","datePublished":"2026-02-17T09:21:54+00:00","dateModified":"2026-02-17T09:26:44+00:00","mainEntityOfPage":{"@id":"https:\/\/www.neuillysurmarne.fr\/artisans-commercants-participez-au-marche-nocturne-estival-et-ou-au-marche-de-la-saint-nicolas\/"},"wordCount":196,"publisher":{"@id":"https:\/\/www.neuillysurmarne.fr\/es\/#organization"},"image":{"@id":"https:\/\/www.neuillysurmarne.fr\/artisans-commercants-participez-au-marche-nocturne-estival-et-ou-au-marche-de-la-saint-nicolas\/#primaryimage"},"thumbnailUrl":"https:\/\/www.neuillysurmarne.fr\/wp-content\/uploads\/2025\/08\/Marche-Saint-Nicolas-12.2024-24-scaled.jpg","articleSection":["Actualit\u00e9"],"inLanguage":"es"},{"@type":"WebPage","@id":"https:\/\/www.neuillysurmarne.fr\/artisans-commercants-participez-au-marche-nocturne-estival-et-ou-au-marche-de-la-saint-nicolas\/","url":"https:\/\/www.neuillysurmarne.fr\/artisans-commercants-participez-au-marche-nocturne-estival-et-ou-au-marche-de-la-saint-nicolas\/","name":"Artisans, commer\u00e7ants : participez au march\u00e9 nocturne estival et\/ou au march\u00e9 de la Saint-Nicolas ! - Mairie de Neuilly-sur-Marne","isPartOf":{"@id":"https:\/\/www.neuillysurmarne.fr\/es\/#website"},"primaryImageOfPage":{"@id":"https:\/\/www.neuillysurmarne.fr\/artisans-commercants-participez-au-marche-nocturne-estival-et-ou-au-marche-de-la-saint-nicolas\/#primaryimage"},"image":{"@id":"https:\/\/www.neuillysurmarne.fr\/artisans-commercants-participez-au-marche-nocturne-estival-et-ou-au-marche-de-la-saint-nicolas\/#primaryimage"},"thumbnailUrl":"https:\/\/www.neuillysurmarne.fr\/wp-content\/uploads\/2025\/08\/Marche-Saint-Nicolas-12.2024-24-scaled.jpg","datePublished":"2026-02-17T09:21:54+00:00","dateModified":"2026-02-17T09:26:44+00:00","breadcrumb":{"@id":"https:\/\/www.neuillysurmarne.fr\/artisans-commercants-participez-au-marche-nocturne-estival-et-ou-au-marche-de-la-saint-nicolas\/#breadcrumb"},"inLanguage":"es","potentialAction":[{"@type":"ReadAction","target":["https:\/\/www.neuillysurmarne.fr\/artisans-commercants-participez-au-marche-nocturne-estival-et-ou-au-marche-de-la-saint-nicolas\/"]}]},{"@type":"ImageObject","inLanguage":"es","@id":"https:\/\/www.neuillysurmarne.fr\/artisans-commercants-participez-au-marche-nocturne-estival-et-ou-au-marche-de-la-saint-nicolas\/#primaryimage","url":"https:\/\/www.neuillysurmarne.fr\/wp-content\/uploads\/2025\/08\/Marche-Saint-Nicolas-12.2024-24-scaled.jpg","contentUrl":"https:\/\/www.neuillysurmarne.fr\/wp-content\/uploads\/2025\/08\/Marche-Saint-Nicolas-12.2024-24-scaled.jpg","width":2560,"height":1707},{"@type":"BreadcrumbList","@id":"https:\/\/www.neuillysurmarne.fr\/artisans-commercants-participez-au-marche-nocturne-estival-et-ou-au-marche-de-la-saint-nicolas\/#breadcrumb","itemListElement":[{"@type":"ListItem","position":1,"name":"Accueil","item":"https:\/\/www.neuillysurmarne.fr\/"},{"@type":"ListItem","position":2,"name":"Artisans, commer\u00e7ants : participez au march\u00e9 nocturne estival et\/ou au march\u00e9 de la Saint-Nicolas !"}]},{"@type":"WebSite","@id":"https:\/\/www.neuillysurmarne.fr\/es\/#website","url":"https:\/\/www.neuillysurmarne.fr\/es\/","name":"Ayuntamiento de Neuilly-sur-Marne","description":"BETA","publisher":{"@id":"https:\/\/www.neuillysurmarne.fr\/es\/#organization"},"potentialAction":[{"@type":"SearchAction","target":{"@type":"EntryPoint","urlTemplate":"https:\/\/www.neuillysurmarne.fr\/es\/?s={search_term_string}"},"query-input":{"@type":"PropertyValueSpecification","valueRequired":true,"valueName":"search_term_string"}}],"inLanguage":"es"},{"@type":"Organization","@id":"https:\/\/www.neuillysurmarne.fr\/es\/#organization","name":"Ayuntamiento de Neuilly-sur-Marne","url":"https:\/\/www.neuillysurmarne.fr\/es\/","logo":{"@type":"ImageObject","inLanguage":"es","@id":"https:\/\/www.neuillysurmarne.fr\/es\/#\/schema\/logo\/image\/","url":"https:\/\/www.neuillysurmarne.fr\/wp-content\/uploads\/2023\/10\/LOGO-NeuillysurMarne-blanc.png","contentUrl":"https:\/\/www.neuillysurmarne.fr\/wp-content\/uploads\/2023\/10\/LOGO-NeuillysurMarne-blanc.png","width":3308,"height":2586,"caption":"Mairie de Neuilly-sur-Marne"},"image":{"@id":"https:\/\/www.neuillysurmarne.fr\/es\/#\/schema\/logo\/image\/"},"sameAs":["https:\/\/www.facebook.com\/ville.neuilly","https:\/\/www.instagram.com\/neuilly_marne\/","https:\/\/www.linkedin.com\/company\/ville-de-neuilly-sur-marne\/","https:\/\/www.youtube.com\/channel\/UCDdZ0TLrV8rfIqjBGvoeB5A","https:\/\/www.tiktok.com\/@villedeneuillysurmarne"]},{"@type":"Person","@id":"https:\/\/www.neuillysurmarne.fr\/es\/#\/schema\/person\/fc97a7b233f3533476c0f151a054a9d1","name":"Laurie","image":{"@type":"ImageObject","inLanguage":"es","@id":"https:\/\/secure.gravatar.com\/avatar\/aed93f491b5b494ae0db0f36fde403661e12c84c81b737368b3df13d30768a94?s=96&d=mm&r=g","url":"https:\/\/secure.gravatar.com\/avatar\/aed93f491b5b494ae0db0f36fde403661e12c84c81b737368b3df13d30768a94?s=96&d=mm&r=g","contentUrl":"https:\/\/secure.gravatar.com\/avatar\/aed93f491b5b494ae0db0f36fde403661e12c84c81b737368b3df13d30768a94?s=96&d=mm&r=g","caption":"Laurie"},"url":"https:\/\/www.neuillysurmarne.fr\/es\/author\/laurie\/"}]}},"_links":{"self":[{"href":"https:\/\/www.neuillysurmarne.fr\/es\/wp-json\/wp\/v2\/posts\/17451","targetHints":{"allow":["GET"]}}],"collection":[{"href":"https:\/\/www.neuillysurmarne.fr\/es\/wp-json\/wp\/v2\/posts"}],"about":[{"href":"https:\/\/www.neuillysurmarne.fr\/es\/wp-json\/wp\/v2\/types\/post"}],"author":[{"embeddable":true,"href":"https:\/\/www.neuillysurmarne.fr\/es\/wp-json\/wp\/v2\/users\/2"}],"replies":[{"embeddable":true,"href":"https:\/\/www.neuillysurmarne.fr\/es\/wp-json\/wp\/v2\/comments?post=17451"}],"version-history":[{"count":3,"href":"https:\/\/www.neuillysurmarne.fr\/es\/wp-json\/wp\/v2\/posts\/17451\/revisions"}],"predecessor-version":[{"id":17454,"href":"https:\/\/www.neuillysurmarne.fr\/es\/wp-json\/wp\/v2\/posts\/17451\/revisions\/17454"}],"wp:featuredmedia":[{"embeddable":true,"href":"https:\/\/www.neuillysurmarne.fr\/es\/wp-json\/wp\/v2\/media\/16133"}],"wp:attachment":[{"href":"https:\/\/www.neuillysurmarne.fr\/es\/wp-json\/wp\/v2\/media?parent=17451"}],"wp:term":[{"taxonomy":"category","embeddable":true,"href":"https:\/\/www.neuillysurmarne.fr\/es\/wp-json\/wp\/v2\/categories?post=17451"},{"taxonomy":"post_tag","embeddable":true,"href":"https:\/\/www.neuillysurmarne.fr\/es\/wp-json\/wp\/v2\/tags?post=17451"}],"curies":[{"name":"wp","href":"https:\/\/api.w.org\/{rel}","templated":true}]}}