{"id":16340,"date":"2025-09-15T18:39:24","date_gmt":"2025-09-15T16:39:24","guid":{"rendered":"https:\/\/www.neuillysurmarne.fr\/?p=16340"},"modified":"2025-09-16T18:41:15","modified_gmt":"2025-09-16T16:41:15","slug":"saison-culturelle-2025-2026-reservez-vos-places-des-maintenant","status":"publish","type":"post","link":"https:\/\/www.neuillysurmarne.fr\/it\/saison-culturelle-2025-2026-reservez-vos-places-des-maintenant\/","title":{"rendered":"Saison culturelle 2025\/2026 &#8211; R\u00e9servez vos places d\u00e8s maintenant !"},"content":{"rendered":"<h3><strong>Nouvelle saison, nouvelle programmation<\/strong><\/h3>\n<p>\ud83c\udfad La saison culturelle 2025\/2026 d\u00e9bute \u00e0 Neuilly-sur-Marne ! Cette ann\u00e9e, la Ville propose des spectacles d\u2019humour, du th\u00e9\u00e2tre, des concerts et des expositions pour tous les publics.<\/p>\n<p>\ud83d\udcc5 Samedi 20 septembre \u00e0 19h30, la saison s\u2019ouvre avec le spectacle \u00ab \u00c7a d\u00e9m\u00e9nage \u00bb au complexe Marcel Pagnol. Un verre de l\u2019amiti\u00e9 sera offert \u00e0 l\u2019issue de la repr\u00e9sentation afin de pr\u00e9senter la future programmation.<\/p>\n<p>\ud83c\udf9f Vous pouvez d\u00e8s \u00e0 pr\u00e9sent <strong><a href=\"https:\/\/neuillysurmarne.notre-billetterie.fr\/billets?kld=2526\">r\u00e9server vos places en ligne en cliquant ici<\/a><\/strong> ou par mail \u00e0 <strong><a href=\"mailto:billetterie.spectacle@neuillysurmarne.fr\">billetterie.spectacle@neuillysurmarne.fr<\/a><\/strong><\/p>\n<h3><strong>Des spectacles tout au long de l&rsquo;ann\u00e9e<\/strong><\/h3>\n<p><em>Al Capone<\/em>, le 10 octobre 2025<br \/>\n<em>Lumi\u00e8re !<\/em>, le 24 octobre 2025<br \/>\n<em>Deux fr\u00e8res<\/em>, le 14 novembre 2025<br \/>\n<em>Orchestre de la Marine<\/em>, le 13 d\u00e9cembre 2025<br \/>\n<em>Paul de Saint Sernin<\/em>, le 15 janvier 2026<br \/>\n<em>Michelle doit-on t&rsquo;en vouloir d&rsquo;avoir fait un selfie \u00e0 Auschwitz ?<\/em>, le 6 f\u00e9vrier 2026<br \/>\n<em>Le Dindon<\/em>, le 13 f\u00e9vrier 2026<br \/>\n<em>Bel-Ami<\/em>, le 20 mars 2026<br \/>\n<em>Orekhov<\/em>, le 10 avril 2026<\/p>\n<h3><strong>Tout le programme<\/strong><\/h3>\n<p>Pour consulter toute la programmation, <strong><a href=\"https:\/\/www.neuillysurmarne.fr\/it\/saison-culturelle-2025-2026\/\">clicca qui<\/a><\/strong>.<\/p>","protected":false},"excerpt":{"rendered":"<p>Nouvelle saison, nouvelle programmation \ud83c\udfad La saison culturelle 2025\/2026 d\u00e9bute \u00e0 Neuilly-sur-Marne ! Cette ann\u00e9e, la Ville propose des spectacles d\u2019humour, du th\u00e9\u00e2tre, des concerts et des expositions pour tous les publics. \ud83d\udcc5 Samedi 20 septembre \u00e0 19h30, la saison s\u2019ouvre avec le spectacle \u00ab \u00c7a d\u00e9m\u00e9nage \u00bb au complexe Marcel Pagnol. Un verre de [&hellip;]<\/p>\n","protected":false},"author":2,"featured_media":16057,"comment_status":"closed","ping_status":"closed","sticky":false,"template":"","format":"standard","meta":{"_acf_changed":false,"footnotes":""},"categories":[242],"tags":[],"class_list":["post-16340","post","type-post","status-publish","format-standard","has-post-thumbnail","hentry","category-actualite"],"acf":[],"yoast_head":"<!-- This site is optimized with the Yoast SEO plugin v27.4 - https:\/\/yoast.com\/product\/yoast-seo-wordpress\/ -->\n<title>Saison culturelle 2025\/2026 - R\u00e9servez vos places d\u00e8s maintenant ! - Mairie de Neuilly-sur-Marne<\/title>\n<meta name=\"robots\" content=\"index, follow, max-snippet:-1, max-image-preview:large, max-video-preview:-1\" \/>\n<link rel=\"canonical\" href=\"https:\/\/www.neuillysurmarne.fr\/it\/saison-culturelle-2025-2026-reservez-vos-places-des-maintenant\/\" \/>\n<meta property=\"og:locale\" content=\"it_IT\" \/>\n<meta property=\"og:type\" content=\"article\" \/>\n<meta property=\"og:title\" content=\"Saison culturelle 2025\/2026 - R\u00e9servez vos places d\u00e8s maintenant ! - Mairie de Neuilly-sur-Marne\" \/>\n<meta property=\"og:description\" content=\"Nouvelle saison, nouvelle programmation \ud83c\udfad La saison culturelle 2025\/2026 d\u00e9bute \u00e0 Neuilly-sur-Marne ! Cette ann\u00e9e, la Ville propose des spectacles d\u2019humour, du th\u00e9\u00e2tre, des concerts et des expositions pour tous les publics. \ud83d\udcc5 Samedi 20 septembre \u00e0 19h30, la saison s\u2019ouvre avec le spectacle \u00ab \u00c7a d\u00e9m\u00e9nage \u00bb au complexe Marcel Pagnol. Un verre de [&hellip;]\" \/>\n<meta property=\"og:url\" content=\"https:\/\/www.neuillysurmarne.fr\/it\/saison-culturelle-2025-2026-reservez-vos-places-des-maintenant\/\" \/>\n<meta property=\"og:site_name\" content=\"Mairie de Neuilly-sur-Marne\" \/>\n<meta property=\"article:publisher\" content=\"https:\/\/www.facebook.com\/ville.neuilly\" \/>\n<meta property=\"article:published_time\" content=\"2025-09-15T16:39:24+00:00\" \/>\n<meta property=\"article:modified_time\" content=\"2025-09-16T16:41:15+00:00\" \/>\n<meta property=\"og:image\" content=\"https:\/\/www.neuillysurmarne.fr\/wp-content\/uploads\/2025\/08\/25-Saison-culturelle.jpg\" \/>\n\t<meta property=\"og:image:width\" content=\"900\" \/>\n\t<meta property=\"og:image:height\" content=\"901\" \/>\n\t<meta property=\"og:image:type\" content=\"image\/jpeg\" \/>\n<meta name=\"author\" content=\"Laurie\" \/>\n<meta name=\"twitter:card\" content=\"summary_large_image\" \/>\n<meta name=\"twitter:label1\" content=\"Scritto da\" \/>\n\t<meta name=\"twitter:data1\" content=\"Laurie\" \/>\n\t<meta name=\"twitter:label2\" content=\"Tempo di lettura stimato\" \/>\n\t<meta name=\"twitter:data2\" content=\"2 minuti\" \/>\n<script type=\"application\/ld+json\" class=\"yoast-schema-graph\">{\"@context\":\"https:\\\/\\\/schema.org\",\"@graph\":[{\"@type\":\"Article\",\"@id\":\"https:\\\/\\\/www.neuillysurmarne.fr\\\/saison-culturelle-2025-2026-reservez-vos-places-des-maintenant\\\/#article\",\"isPartOf\":{\"@id\":\"https:\\\/\\\/www.neuillysurmarne.fr\\\/saison-culturelle-2025-2026-reservez-vos-places-des-maintenant\\\/\"},\"author\":{\"name\":\"Laurie\",\"@id\":\"https:\\\/\\\/www.neuillysurmarne.fr\\\/es\\\/#\\\/schema\\\/person\\\/fc97a7b233f3533476c0f151a054a9d1\"},\"headline\":\"Saison culturelle 2025\\\/2026 &#8211; R\u00e9servez vos places d\u00e8s maintenant !\",\"datePublished\":\"2025-09-15T16:39:24+00:00\",\"dateModified\":\"2025-09-16T16:41:15+00:00\",\"mainEntityOfPage\":{\"@id\":\"https:\\\/\\\/www.neuillysurmarne.fr\\\/saison-culturelle-2025-2026-reservez-vos-places-des-maintenant\\\/\"},\"wordCount\":172,\"publisher\":{\"@id\":\"https:\\\/\\\/www.neuillysurmarne.fr\\\/es\\\/#organization\"},\"image\":{\"@id\":\"https:\\\/\\\/www.neuillysurmarne.fr\\\/saison-culturelle-2025-2026-reservez-vos-places-des-maintenant\\\/#primaryimage\"},\"thumbnailUrl\":\"https:\\\/\\\/www.neuillysurmarne.fr\\\/wp-content\\\/uploads\\\/2025\\\/08\\\/25-Saison-culturelle.jpg\",\"articleSection\":[\"Actualit\u00e9\"],\"inLanguage\":\"it-IT\"},{\"@type\":\"WebPage\",\"@id\":\"https:\\\/\\\/www.neuillysurmarne.fr\\\/saison-culturelle-2025-2026-reservez-vos-places-des-maintenant\\\/\",\"url\":\"https:\\\/\\\/www.neuillysurmarne.fr\\\/saison-culturelle-2025-2026-reservez-vos-places-des-maintenant\\\/\",\"name\":\"Saison culturelle 2025\\\/2026 - R\u00e9servez vos places d\u00e8s maintenant ! - Mairie de Neuilly-sur-Marne\",\"isPartOf\":{\"@id\":\"https:\\\/\\\/www.neuillysurmarne.fr\\\/es\\\/#website\"},\"primaryImageOfPage\":{\"@id\":\"https:\\\/\\\/www.neuillysurmarne.fr\\\/saison-culturelle-2025-2026-reservez-vos-places-des-maintenant\\\/#primaryimage\"},\"image\":{\"@id\":\"https:\\\/\\\/www.neuillysurmarne.fr\\\/saison-culturelle-2025-2026-reservez-vos-places-des-maintenant\\\/#primaryimage\"},\"thumbnailUrl\":\"https:\\\/\\\/www.neuillysurmarne.fr\\\/wp-content\\\/uploads\\\/2025\\\/08\\\/25-Saison-culturelle.jpg\",\"datePublished\":\"2025-09-15T16:39:24+00:00\",\"dateModified\":\"2025-09-16T16:41:15+00:00\",\"breadcrumb\":{\"@id\":\"https:\\\/\\\/www.neuillysurmarne.fr\\\/saison-culturelle-2025-2026-reservez-vos-places-des-maintenant\\\/#breadcrumb\"},\"inLanguage\":\"it-IT\",\"potentialAction\":[{\"@type\":\"ReadAction\",\"target\":[\"https:\\\/\\\/www.neuillysurmarne.fr\\\/saison-culturelle-2025-2026-reservez-vos-places-des-maintenant\\\/\"]}]},{\"@type\":\"ImageObject\",\"inLanguage\":\"it-IT\",\"@id\":\"https:\\\/\\\/www.neuillysurmarne.fr\\\/saison-culturelle-2025-2026-reservez-vos-places-des-maintenant\\\/#primaryimage\",\"url\":\"https:\\\/\\\/www.neuillysurmarne.fr\\\/wp-content\\\/uploads\\\/2025\\\/08\\\/25-Saison-culturelle.jpg\",\"contentUrl\":\"https:\\\/\\\/www.neuillysurmarne.fr\\\/wp-content\\\/uploads\\\/2025\\\/08\\\/25-Saison-culturelle.jpg\",\"width\":900,\"height\":901},{\"@type\":\"BreadcrumbList\",\"@id\":\"https:\\\/\\\/www.neuillysurmarne.fr\\\/saison-culturelle-2025-2026-reservez-vos-places-des-maintenant\\\/#breadcrumb\",\"itemListElement\":[{\"@type\":\"ListItem\",\"position\":1,\"name\":\"Accueil\",\"item\":\"https:\\\/\\\/www.neuillysurmarne.fr\\\/\"},{\"@type\":\"ListItem\",\"position\":2,\"name\":\"Saison culturelle 2025\\\/2026 &#8211; R\u00e9servez vos places d\u00e8s maintenant !\"}]},{\"@type\":\"WebSite\",\"@id\":\"https:\\\/\\\/www.neuillysurmarne.fr\\\/es\\\/#website\",\"url\":\"https:\\\/\\\/www.neuillysurmarne.fr\\\/es\\\/\",\"name\":\"Mairie de Neuilly-sur-Marne\",\"description\":\"BETA\",\"publisher\":{\"@id\":\"https:\\\/\\\/www.neuillysurmarne.fr\\\/es\\\/#organization\"},\"potentialAction\":[{\"@type\":\"SearchAction\",\"target\":{\"@type\":\"EntryPoint\",\"urlTemplate\":\"https:\\\/\\\/www.neuillysurmarne.fr\\\/es\\\/?s={search_term_string}\"},\"query-input\":{\"@type\":\"PropertyValueSpecification\",\"valueRequired\":true,\"valueName\":\"search_term_string\"}}],\"inLanguage\":\"it-IT\"},{\"@type\":\"Organization\",\"@id\":\"https:\\\/\\\/www.neuillysurmarne.fr\\\/es\\\/#organization\",\"name\":\"Mairie de Neuilly-sur-Marne\",\"url\":\"https:\\\/\\\/www.neuillysurmarne.fr\\\/es\\\/\",\"logo\":{\"@type\":\"ImageObject\",\"inLanguage\":\"it-IT\",\"@id\":\"https:\\\/\\\/www.neuillysurmarne.fr\\\/es\\\/#\\\/schema\\\/logo\\\/image\\\/\",\"url\":\"https:\\\/\\\/www.neuillysurmarne.fr\\\/wp-content\\\/uploads\\\/2023\\\/10\\\/LOGO-NeuillysurMarne-blanc.png\",\"contentUrl\":\"https:\\\/\\\/www.neuillysurmarne.fr\\\/wp-content\\\/uploads\\\/2023\\\/10\\\/LOGO-NeuillysurMarne-blanc.png\",\"width\":3308,\"height\":2586,\"caption\":\"Mairie de Neuilly-sur-Marne\"},\"image\":{\"@id\":\"https:\\\/\\\/www.neuillysurmarne.fr\\\/es\\\/#\\\/schema\\\/logo\\\/image\\\/\"},\"sameAs\":[\"https:\\\/\\\/www.facebook.com\\\/ville.neuilly\",\"https:\\\/\\\/www.instagram.com\\\/neuilly_marne\\\/\",\"https:\\\/\\\/www.linkedin.com\\\/company\\\/ville-de-neuilly-sur-marne\\\/\",\"https:\\\/\\\/www.youtube.com\\\/channel\\\/UCDdZ0TLrV8rfIqjBGvoeB5A\",\"https:\\\/\\\/www.tiktok.com\\\/@villedeneuillysurmarne\"]},{\"@type\":\"Person\",\"@id\":\"https:\\\/\\\/www.neuillysurmarne.fr\\\/es\\\/#\\\/schema\\\/person\\\/fc97a7b233f3533476c0f151a054a9d1\",\"name\":\"Laurie\",\"image\":{\"@type\":\"ImageObject\",\"inLanguage\":\"it-IT\",\"@id\":\"https:\\\/\\\/secure.gravatar.com\\\/avatar\\\/aed93f491b5b494ae0db0f36fde403661e12c84c81b737368b3df13d30768a94?s=96&d=mm&r=g\",\"url\":\"https:\\\/\\\/secure.gravatar.com\\\/avatar\\\/aed93f491b5b494ae0db0f36fde403661e12c84c81b737368b3df13d30768a94?s=96&d=mm&r=g\",\"contentUrl\":\"https:\\\/\\\/secure.gravatar.com\\\/avatar\\\/aed93f491b5b494ae0db0f36fde403661e12c84c81b737368b3df13d30768a94?s=96&d=mm&r=g\",\"caption\":\"Laurie\"},\"url\":\"https:\\\/\\\/www.neuillysurmarne.fr\\\/it\\\/author\\\/laurie\\\/\"}]}<\/script>\n<!-- \/ Yoast SEO plugin. -->","yoast_head_json":{"title":"Saison culturelle 2025\/2026 - R\u00e9servez vos places d\u00e8s maintenant ! - Mairie de Neuilly-sur-Marne","robots":{"index":"index","follow":"follow","max-snippet":"max-snippet:-1","max-image-preview":"max-image-preview:large","max-video-preview":"max-video-preview:-1"},"canonical":"https:\/\/www.neuillysurmarne.fr\/it\/saison-culturelle-2025-2026-reservez-vos-places-des-maintenant\/","og_locale":"it_IT","og_type":"article","og_title":"Saison culturelle 2025\/2026 - R\u00e9servez vos places d\u00e8s maintenant ! - Mairie de Neuilly-sur-Marne","og_description":"Nouvelle saison, nouvelle programmation \ud83c\udfad La saison culturelle 2025\/2026 d\u00e9bute \u00e0 Neuilly-sur-Marne ! Cette ann\u00e9e, la Ville propose des spectacles d\u2019humour, du th\u00e9\u00e2tre, des concerts et des expositions pour tous les publics. \ud83d\udcc5 Samedi 20 septembre \u00e0 19h30, la saison s\u2019ouvre avec le spectacle \u00ab \u00c7a d\u00e9m\u00e9nage \u00bb au complexe Marcel Pagnol. Un verre de [&hellip;]","og_url":"https:\/\/www.neuillysurmarne.fr\/it\/saison-culturelle-2025-2026-reservez-vos-places-des-maintenant\/","og_site_name":"Mairie de Neuilly-sur-Marne","article_publisher":"https:\/\/www.facebook.com\/ville.neuilly","article_published_time":"2025-09-15T16:39:24+00:00","article_modified_time":"2025-09-16T16:41:15+00:00","og_image":[{"width":900,"height":901,"url":"https:\/\/www.neuillysurmarne.fr\/wp-content\/uploads\/2025\/08\/25-Saison-culturelle.jpg","type":"image\/jpeg"}],"author":"Laurie","twitter_card":"summary_large_image","twitter_misc":{"Scritto da":"Laurie","Tempo di lettura stimato":"2 minuti"},"schema":{"@context":"https:\/\/schema.org","@graph":[{"@type":"Article","@id":"https:\/\/www.neuillysurmarne.fr\/saison-culturelle-2025-2026-reservez-vos-places-des-maintenant\/#article","isPartOf":{"@id":"https:\/\/www.neuillysurmarne.fr\/saison-culturelle-2025-2026-reservez-vos-places-des-maintenant\/"},"author":{"name":"Laurie","@id":"https:\/\/www.neuillysurmarne.fr\/es\/#\/schema\/person\/fc97a7b233f3533476c0f151a054a9d1"},"headline":"Saison culturelle 2025\/2026 &#8211; R\u00e9servez vos places d\u00e8s maintenant !","datePublished":"2025-09-15T16:39:24+00:00","dateModified":"2025-09-16T16:41:15+00:00","mainEntityOfPage":{"@id":"https:\/\/www.neuillysurmarne.fr\/saison-culturelle-2025-2026-reservez-vos-places-des-maintenant\/"},"wordCount":172,"publisher":{"@id":"https:\/\/www.neuillysurmarne.fr\/es\/#organization"},"image":{"@id":"https:\/\/www.neuillysurmarne.fr\/saison-culturelle-2025-2026-reservez-vos-places-des-maintenant\/#primaryimage"},"thumbnailUrl":"https:\/\/www.neuillysurmarne.fr\/wp-content\/uploads\/2025\/08\/25-Saison-culturelle.jpg","articleSection":["Actualit\u00e9"],"inLanguage":"it-IT"},{"@type":"WebPage","@id":"https:\/\/www.neuillysurmarne.fr\/saison-culturelle-2025-2026-reservez-vos-places-des-maintenant\/","url":"https:\/\/www.neuillysurmarne.fr\/saison-culturelle-2025-2026-reservez-vos-places-des-maintenant\/","name":"Saison culturelle 2025\/2026 - R\u00e9servez vos places d\u00e8s maintenant ! - Mairie de Neuilly-sur-Marne","isPartOf":{"@id":"https:\/\/www.neuillysurmarne.fr\/es\/#website"},"primaryImageOfPage":{"@id":"https:\/\/www.neuillysurmarne.fr\/saison-culturelle-2025-2026-reservez-vos-places-des-maintenant\/#primaryimage"},"image":{"@id":"https:\/\/www.neuillysurmarne.fr\/saison-culturelle-2025-2026-reservez-vos-places-des-maintenant\/#primaryimage"},"thumbnailUrl":"https:\/\/www.neuillysurmarne.fr\/wp-content\/uploads\/2025\/08\/25-Saison-culturelle.jpg","datePublished":"2025-09-15T16:39:24+00:00","dateModified":"2025-09-16T16:41:15+00:00","breadcrumb":{"@id":"https:\/\/www.neuillysurmarne.fr\/saison-culturelle-2025-2026-reservez-vos-places-des-maintenant\/#breadcrumb"},"inLanguage":"it-IT","potentialAction":[{"@type":"ReadAction","target":["https:\/\/www.neuillysurmarne.fr\/saison-culturelle-2025-2026-reservez-vos-places-des-maintenant\/"]}]},{"@type":"ImageObject","inLanguage":"it-IT","@id":"https:\/\/www.neuillysurmarne.fr\/saison-culturelle-2025-2026-reservez-vos-places-des-maintenant\/#primaryimage","url":"https:\/\/www.neuillysurmarne.fr\/wp-content\/uploads\/2025\/08\/25-Saison-culturelle.jpg","contentUrl":"https:\/\/www.neuillysurmarne.fr\/wp-content\/uploads\/2025\/08\/25-Saison-culturelle.jpg","width":900,"height":901},{"@type":"BreadcrumbList","@id":"https:\/\/www.neuillysurmarne.fr\/saison-culturelle-2025-2026-reservez-vos-places-des-maintenant\/#breadcrumb","itemListElement":[{"@type":"ListItem","position":1,"name":"Accueil","item":"https:\/\/www.neuillysurmarne.fr\/"},{"@type":"ListItem","position":2,"name":"Saison culturelle 2025\/2026 &#8211; R\u00e9servez vos places d\u00e8s maintenant !"}]},{"@type":"WebSite","@id":"https:\/\/www.neuillysurmarne.fr\/es\/#website","url":"https:\/\/www.neuillysurmarne.fr\/es\/","name":"Municipio di Neuilly-sur-Marne","description":"BETA","publisher":{"@id":"https:\/\/www.neuillysurmarne.fr\/es\/#organization"},"potentialAction":[{"@type":"SearchAction","target":{"@type":"EntryPoint","urlTemplate":"https:\/\/www.neuillysurmarne.fr\/es\/?s={search_term_string}"},"query-input":{"@type":"PropertyValueSpecification","valueRequired":true,"valueName":"search_term_string"}}],"inLanguage":"it-IT"},{"@type":"Organization","@id":"https:\/\/www.neuillysurmarne.fr\/es\/#organization","name":"Municipio di Neuilly-sur-Marne","url":"https:\/\/www.neuillysurmarne.fr\/es\/","logo":{"@type":"ImageObject","inLanguage":"it-IT","@id":"https:\/\/www.neuillysurmarne.fr\/es\/#\/schema\/logo\/image\/","url":"https:\/\/www.neuillysurmarne.fr\/wp-content\/uploads\/2023\/10\/LOGO-NeuillysurMarne-blanc.png","contentUrl":"https:\/\/www.neuillysurmarne.fr\/wp-content\/uploads\/2023\/10\/LOGO-NeuillysurMarne-blanc.png","width":3308,"height":2586,"caption":"Mairie de Neuilly-sur-Marne"},"image":{"@id":"https:\/\/www.neuillysurmarne.fr\/es\/#\/schema\/logo\/image\/"},"sameAs":["https:\/\/www.facebook.com\/ville.neuilly","https:\/\/www.instagram.com\/neuilly_marne\/","https:\/\/www.linkedin.com\/company\/ville-de-neuilly-sur-marne\/","https:\/\/www.youtube.com\/channel\/UCDdZ0TLrV8rfIqjBGvoeB5A","https:\/\/www.tiktok.com\/@villedeneuillysurmarne"]},{"@type":"Person","@id":"https:\/\/www.neuillysurmarne.fr\/es\/#\/schema\/person\/fc97a7b233f3533476c0f151a054a9d1","name":"Laurie","image":{"@type":"ImageObject","inLanguage":"it-IT","@id":"https:\/\/secure.gravatar.com\/avatar\/aed93f491b5b494ae0db0f36fde403661e12c84c81b737368b3df13d30768a94?s=96&d=mm&r=g","url":"https:\/\/secure.gravatar.com\/avatar\/aed93f491b5b494ae0db0f36fde403661e12c84c81b737368b3df13d30768a94?s=96&d=mm&r=g","contentUrl":"https:\/\/secure.gravatar.com\/avatar\/aed93f491b5b494ae0db0f36fde403661e12c84c81b737368b3df13d30768a94?s=96&d=mm&r=g","caption":"Laurie"},"url":"https:\/\/www.neuillysurmarne.fr\/it\/author\/laurie\/"}]}},"_links":{"self":[{"href":"https:\/\/www.neuillysurmarne.fr\/it\/wp-json\/wp\/v2\/posts\/16340","targetHints":{"allow":["GET"]}}],"collection":[{"href":"https:\/\/www.neuillysurmarne.fr\/it\/wp-json\/wp\/v2\/posts"}],"about":[{"href":"https:\/\/www.neuillysurmarne.fr\/it\/wp-json\/wp\/v2\/types\/post"}],"author":[{"embeddable":true,"href":"https:\/\/www.neuillysurmarne.fr\/it\/wp-json\/wp\/v2\/users\/2"}],"replies":[{"embeddable":true,"href":"https:\/\/www.neuillysurmarne.fr\/it\/wp-json\/wp\/v2\/comments?post=16340"}],"version-history":[{"count":3,"href":"https:\/\/www.neuillysurmarne.fr\/it\/wp-json\/wp\/v2\/posts\/16340\/revisions"}],"predecessor-version":[{"id":16346,"href":"https:\/\/www.neuillysurmarne.fr\/it\/wp-json\/wp\/v2\/posts\/16340\/revisions\/16346"}],"wp:featuredmedia":[{"embeddable":true,"href":"https:\/\/www.neuillysurmarne.fr\/it\/wp-json\/wp\/v2\/media\/16057"}],"wp:attachment":[{"href":"https:\/\/www.neuillysurmarne.fr\/it\/wp-json\/wp\/v2\/media?parent=16340"}],"wp:term":[{"taxonomy":"category","embeddable":true,"href":"https:\/\/www.neuillysurmarne.fr\/it\/wp-json\/wp\/v2\/categories?post=16340"},{"taxonomy":"post_tag","embeddable":true,"href":"https:\/\/www.neuillysurmarne.fr\/it\/wp-json\/wp\/v2\/tags?post=16340"}],"curies":[{"name":"wp","href":"https:\/\/api.w.org\/{rel}","templated":true}]}}