{"id":11807,"date":"2024-06-10T20:50:08","date_gmt":"2024-06-10T18:50:08","guid":{"rendered":"https:\/\/www.neuillysurmarne.fr\/?p=11807"},"modified":"2024-07-04T20:53:18","modified_gmt":"2024-07-04T18:53:18","slug":"renovation-du-carrefour-a-feux-du-pont-des-trois-communes","status":"publish","type":"post","link":"https:\/\/www.neuillysurmarne.fr\/nl\/renovation-du-carrefour-a-feux-du-pont-des-trois-communes\/","title":{"rendered":"Renovatie van het verkeerslichtknooppunt Pont des Trois Communes"},"content":{"rendered":"<p><strong>Sinds 3 juni voeren het departement Seine-Saint-Denis en de stad Neuilly-sur-Marne grote werkzaamheden uit aan het kruispunt met verkeerslichten Pont des Trois Communes. De werkzaamheden zullen ongeveer twee maanden duren om de veiligheid voor weggebruikers te verbeteren.\u00a0<\/strong><\/p>\n<p>Het doel van het uitrusten van een kruispunt met een verkeerslichtsignaal is het elimineren van bepaalde verkeersconflicten tussen gebruikers. Deze conflictbeheersing vereist de naleving van een aantal ontwerp- en dimensioneringsregels.<\/p>\n<p>???? Het departement Seine-Saint-Denis financiert de renovatie van het kruispunt Pont des Trois Communes door <strong>vier fasen<\/strong>. Doelstellingen : <strong>renoveren van apparatuur voor verkeerslichtsignalering<\/strong> en <strong>voetgangersoversteekplaatsen veiliger maken<\/strong>.<\/p>\n<h3><strong>\u00a0Van 3 tot 14 juni: vermindering van rijstroken in oostelijke richting\u00a0<\/strong><\/h3>\n<ul>\n<li>De blokken met monden aan de Robert Schumannlaan zullen worden gesloopt.<\/li>\n<li>In plaats van de oorspronkelijke 3 rijstroken zal het verkeer worden teruggebracht tot 1 rijstrook in elke richting.<\/li>\n<li>Het verkeer zal in beide richtingen worden gehandhaafd, met een knijp in de zuidoostelijke en zuid-noordelijke richtingen, om te voorkomen dat het verkeer tot stilstand komt.<\/li>\n<\/ul>\n<h3><strong>\u00a0Van 17 tot 28 juni: renovatie van de kabels aan de westkant\u00a0<\/strong><\/h3>\n<ul>\n<li>De kabels van de verkeerslichten worden gerenoveerd, getrokken en vervolgens begraven aan de westkant van het kruispunt.<\/li>\n<li>In plaats van de oorspronkelijke 3 rijstroken zal het verkeer ook worden teruggebracht tot 1 rijstrook in elke richting.<\/li>\n<li>Het verkeer zal omkeren ten zuiden van de Robert Schumannlaan om een voetgangersoversteekplaats te cre\u00ebren.<\/li>\n<\/ul>\n<h3><strong>\u00a0Van 1 tot 5 juli: renovatie van voetgangersoversteekplaatsen\u00a0<\/strong><\/h3>\n<ul>\n<li>De voetgangersoversteekplaatsen op het kruispunt worden gerenoveerd en de resterende kabels worden begraven.<\/li>\n<li>In plaats van de oorspronkelijke 2 rijstroken wordt het verkeer teruggebracht naar 1 rijstrook.<\/li>\n<li>Het verkeer zal afwisselend op de west-noordas blijven rijden. Deze halve rijstrookwerkzaamheden zullen het verkeer in de buurt in beweging houden.<\/li>\n<\/ul>\n<h3><strong>\u00a0Juli: installatie van de vezel\u00a0<\/strong><\/h3>\n<ul>\n<li>Gedurende de hele maand juli zullen bouwteams de glasvezelkabel aanleggen.<\/li>\n<li>Op het kruispunt worden nieuwe verkeerslichtmasten geplaatst.<\/li>\n<li>De continu\u00efteit van de verkeersstroom wordt niet be\u00efnvloed door deze wijzigingen in juli.<\/li>\n<\/ul>\n<p><strong>????<\/strong><strong> De lichtsignaalapparatuur moet uiterlijk 1 augustus in gebruik worden genomen.<\/strong><\/p>","protected":false},"excerpt":{"rendered":"<p>Depuis le 3 juin, le D\u00e9partement de la Seine-Saint-Denis et la ville de Neuilly-sur-Marne ont engag\u00e9 d\u2019importants travaux au niveau du carrefour \u00e0 feux du Pont des Trois communes. Le chantier va durer environ deux mois, pour offrir davantage de s\u00e9curit\u00e9 aux usagers.\u00a0 L\u2019\u00e9quipement d\u2019un carrefour avec une signalisation lumineuse tricolore a pour objectif de [&hellip;]<\/p>\n","protected":false},"author":2,"featured_media":11808,"comment_status":"closed","ping_status":"closed","sticky":false,"template":"","format":"standard","meta":{"_acf_changed":false,"footnotes":""},"categories":[242],"tags":[],"class_list":["post-11807","post","type-post","status-publish","format-standard","has-post-thumbnail","hentry","category-actualite"],"acf":[],"yoast_head":"<!-- This site is optimized with the Yoast SEO plugin v27.4 - https:\/\/yoast.com\/product\/yoast-seo-wordpress\/ -->\n<title>R\u00e9novation du carrefour \u00e0 feux du Pont des Trois communes - Mairie de Neuilly-sur-Marne<\/title>\n<meta name=\"robots\" content=\"index, follow, max-snippet:-1, max-image-preview:large, max-video-preview:-1\" \/>\n<link rel=\"canonical\" href=\"https:\/\/www.neuillysurmarne.fr\/nl\/renovation-du-carrefour-a-feux-du-pont-des-trois-communes\/\" \/>\n<meta property=\"og:locale\" content=\"nl_NL\" \/>\n<meta property=\"og:type\" content=\"article\" \/>\n<meta property=\"og:title\" content=\"R\u00e9novation du carrefour \u00e0 feux du Pont des Trois communes - Mairie de Neuilly-sur-Marne\" \/>\n<meta property=\"og:description\" content=\"Depuis le 3 juin, le D\u00e9partement de la Seine-Saint-Denis et la ville de Neuilly-sur-Marne ont engag\u00e9 d\u2019importants travaux au niveau du carrefour \u00e0 feux du Pont des Trois communes. Le chantier va durer environ deux mois, pour offrir davantage de s\u00e9curit\u00e9 aux usagers.\u00a0 L\u2019\u00e9quipement d\u2019un carrefour avec une signalisation lumineuse tricolore a pour objectif de [&hellip;]\" \/>\n<meta property=\"og:url\" content=\"https:\/\/www.neuillysurmarne.fr\/nl\/renovation-du-carrefour-a-feux-du-pont-des-trois-communes\/\" \/>\n<meta property=\"og:site_name\" content=\"Mairie de Neuilly-sur-Marne\" \/>\n<meta property=\"article:publisher\" content=\"https:\/\/www.facebook.com\/ville.neuilly\" \/>\n<meta property=\"article:published_time\" content=\"2024-06-10T18:50:08+00:00\" \/>\n<meta property=\"article:modified_time\" content=\"2024-07-04T18:53:18+00:00\" \/>\n<meta property=\"og:image\" content=\"https:\/\/www.neuillysurmarne.fr\/wp-content\/uploads\/2024\/07\/Visite-M.Troussel-SSD-12.2022-19-scaled.jpg\" \/>\n\t<meta property=\"og:image:width\" content=\"2560\" \/>\n\t<meta property=\"og:image:height\" content=\"1707\" \/>\n\t<meta property=\"og:image:type\" content=\"image\/jpeg\" \/>\n<meta name=\"author\" content=\"Laurie\" \/>\n<meta name=\"twitter:card\" content=\"summary_large_image\" \/>\n<meta name=\"twitter:label1\" content=\"Geschreven door\" \/>\n\t<meta name=\"twitter:data1\" content=\"Laurie\" \/>\n\t<meta name=\"twitter:label2\" content=\"Geschatte leestijd\" \/>\n\t<meta name=\"twitter:data2\" content=\"3 minuten\" \/>\n<script type=\"application\/ld+json\" class=\"yoast-schema-graph\">{\"@context\":\"https:\\\/\\\/schema.org\",\"@graph\":[{\"@type\":\"Article\",\"@id\":\"https:\\\/\\\/www.neuillysurmarne.fr\\\/renovation-du-carrefour-a-feux-du-pont-des-trois-communes\\\/#article\",\"isPartOf\":{\"@id\":\"https:\\\/\\\/www.neuillysurmarne.fr\\\/renovation-du-carrefour-a-feux-du-pont-des-trois-communes\\\/\"},\"author\":{\"name\":\"Laurie\",\"@id\":\"https:\\\/\\\/www.neuillysurmarne.fr\\\/es\\\/#\\\/schema\\\/person\\\/fc97a7b233f3533476c0f151a054a9d1\"},\"headline\":\"R\u00e9novation du carrefour \u00e0 feux du Pont des Trois communes\",\"datePublished\":\"2024-06-10T18:50:08+00:00\",\"dateModified\":\"2024-07-04T18:53:18+00:00\",\"mainEntityOfPage\":{\"@id\":\"https:\\\/\\\/www.neuillysurmarne.fr\\\/renovation-du-carrefour-a-feux-du-pont-des-trois-communes\\\/\"},\"wordCount\":412,\"publisher\":{\"@id\":\"https:\\\/\\\/www.neuillysurmarne.fr\\\/es\\\/#organization\"},\"image\":{\"@id\":\"https:\\\/\\\/www.neuillysurmarne.fr\\\/renovation-du-carrefour-a-feux-du-pont-des-trois-communes\\\/#primaryimage\"},\"thumbnailUrl\":\"https:\\\/\\\/www.neuillysurmarne.fr\\\/wp-content\\\/uploads\\\/2024\\\/07\\\/Visite-M.Troussel-SSD-12.2022-19-scaled.jpg\",\"articleSection\":[\"Actualit\u00e9\"],\"inLanguage\":\"nl-NL\"},{\"@type\":\"WebPage\",\"@id\":\"https:\\\/\\\/www.neuillysurmarne.fr\\\/renovation-du-carrefour-a-feux-du-pont-des-trois-communes\\\/\",\"url\":\"https:\\\/\\\/www.neuillysurmarne.fr\\\/renovation-du-carrefour-a-feux-du-pont-des-trois-communes\\\/\",\"name\":\"R\u00e9novation du carrefour \u00e0 feux du Pont des Trois communes - Mairie de Neuilly-sur-Marne\",\"isPartOf\":{\"@id\":\"https:\\\/\\\/www.neuillysurmarne.fr\\\/es\\\/#website\"},\"primaryImageOfPage\":{\"@id\":\"https:\\\/\\\/www.neuillysurmarne.fr\\\/renovation-du-carrefour-a-feux-du-pont-des-trois-communes\\\/#primaryimage\"},\"image\":{\"@id\":\"https:\\\/\\\/www.neuillysurmarne.fr\\\/renovation-du-carrefour-a-feux-du-pont-des-trois-communes\\\/#primaryimage\"},\"thumbnailUrl\":\"https:\\\/\\\/www.neuillysurmarne.fr\\\/wp-content\\\/uploads\\\/2024\\\/07\\\/Visite-M.Troussel-SSD-12.2022-19-scaled.jpg\",\"datePublished\":\"2024-06-10T18:50:08+00:00\",\"dateModified\":\"2024-07-04T18:53:18+00:00\",\"breadcrumb\":{\"@id\":\"https:\\\/\\\/www.neuillysurmarne.fr\\\/renovation-du-carrefour-a-feux-du-pont-des-trois-communes\\\/#breadcrumb\"},\"inLanguage\":\"nl-NL\",\"potentialAction\":[{\"@type\":\"ReadAction\",\"target\":[\"https:\\\/\\\/www.neuillysurmarne.fr\\\/renovation-du-carrefour-a-feux-du-pont-des-trois-communes\\\/\"]}]},{\"@type\":\"ImageObject\",\"inLanguage\":\"nl-NL\",\"@id\":\"https:\\\/\\\/www.neuillysurmarne.fr\\\/renovation-du-carrefour-a-feux-du-pont-des-trois-communes\\\/#primaryimage\",\"url\":\"https:\\\/\\\/www.neuillysurmarne.fr\\\/wp-content\\\/uploads\\\/2024\\\/07\\\/Visite-M.Troussel-SSD-12.2022-19-scaled.jpg\",\"contentUrl\":\"https:\\\/\\\/www.neuillysurmarne.fr\\\/wp-content\\\/uploads\\\/2024\\\/07\\\/Visite-M.Troussel-SSD-12.2022-19-scaled.jpg\",\"width\":2560,\"height\":1707},{\"@type\":\"BreadcrumbList\",\"@id\":\"https:\\\/\\\/www.neuillysurmarne.fr\\\/renovation-du-carrefour-a-feux-du-pont-des-trois-communes\\\/#breadcrumb\",\"itemListElement\":[{\"@type\":\"ListItem\",\"position\":1,\"name\":\"Accueil\",\"item\":\"https:\\\/\\\/www.neuillysurmarne.fr\\\/\"},{\"@type\":\"ListItem\",\"position\":2,\"name\":\"R\u00e9novation du carrefour \u00e0 feux du Pont des Trois communes\"}]},{\"@type\":\"WebSite\",\"@id\":\"https:\\\/\\\/www.neuillysurmarne.fr\\\/es\\\/#website\",\"url\":\"https:\\\/\\\/www.neuillysurmarne.fr\\\/es\\\/\",\"name\":\"Mairie de Neuilly-sur-Marne\",\"description\":\"BETA\",\"publisher\":{\"@id\":\"https:\\\/\\\/www.neuillysurmarne.fr\\\/es\\\/#organization\"},\"potentialAction\":[{\"@type\":\"SearchAction\",\"target\":{\"@type\":\"EntryPoint\",\"urlTemplate\":\"https:\\\/\\\/www.neuillysurmarne.fr\\\/es\\\/?s={search_term_string}\"},\"query-input\":{\"@type\":\"PropertyValueSpecification\",\"valueRequired\":true,\"valueName\":\"search_term_string\"}}],\"inLanguage\":\"nl-NL\"},{\"@type\":\"Organization\",\"@id\":\"https:\\\/\\\/www.neuillysurmarne.fr\\\/es\\\/#organization\",\"name\":\"Mairie de Neuilly-sur-Marne\",\"url\":\"https:\\\/\\\/www.neuillysurmarne.fr\\\/es\\\/\",\"logo\":{\"@type\":\"ImageObject\",\"inLanguage\":\"nl-NL\",\"@id\":\"https:\\\/\\\/www.neuillysurmarne.fr\\\/es\\\/#\\\/schema\\\/logo\\\/image\\\/\",\"url\":\"https:\\\/\\\/www.neuillysurmarne.fr\\\/wp-content\\\/uploads\\\/2023\\\/10\\\/LOGO-NeuillysurMarne-blanc.png\",\"contentUrl\":\"https:\\\/\\\/www.neuillysurmarne.fr\\\/wp-content\\\/uploads\\\/2023\\\/10\\\/LOGO-NeuillysurMarne-blanc.png\",\"width\":3308,\"height\":2586,\"caption\":\"Mairie de Neuilly-sur-Marne\"},\"image\":{\"@id\":\"https:\\\/\\\/www.neuillysurmarne.fr\\\/es\\\/#\\\/schema\\\/logo\\\/image\\\/\"},\"sameAs\":[\"https:\\\/\\\/www.facebook.com\\\/ville.neuilly\",\"https:\\\/\\\/www.instagram.com\\\/neuilly_marne\\\/\",\"https:\\\/\\\/www.linkedin.com\\\/company\\\/ville-de-neuilly-sur-marne\\\/\",\"https:\\\/\\\/www.youtube.com\\\/channel\\\/UCDdZ0TLrV8rfIqjBGvoeB5A\",\"https:\\\/\\\/www.tiktok.com\\\/@villedeneuillysurmarne\"]},{\"@type\":\"Person\",\"@id\":\"https:\\\/\\\/www.neuillysurmarne.fr\\\/es\\\/#\\\/schema\\\/person\\\/fc97a7b233f3533476c0f151a054a9d1\",\"name\":\"Laurie\",\"image\":{\"@type\":\"ImageObject\",\"inLanguage\":\"nl-NL\",\"@id\":\"https:\\\/\\\/secure.gravatar.com\\\/avatar\\\/aed93f491b5b494ae0db0f36fde403661e12c84c81b737368b3df13d30768a94?s=96&d=mm&r=g\",\"url\":\"https:\\\/\\\/secure.gravatar.com\\\/avatar\\\/aed93f491b5b494ae0db0f36fde403661e12c84c81b737368b3df13d30768a94?s=96&d=mm&r=g\",\"contentUrl\":\"https:\\\/\\\/secure.gravatar.com\\\/avatar\\\/aed93f491b5b494ae0db0f36fde403661e12c84c81b737368b3df13d30768a94?s=96&d=mm&r=g\",\"caption\":\"Laurie\"},\"url\":\"https:\\\/\\\/www.neuillysurmarne.fr\\\/nl\\\/author\\\/laurie\\\/\"}]}<\/script>\n<!-- \/ Yoast SEO plugin. -->","yoast_head_json":{"title":"R\u00e9novation du carrefour \u00e0 feux du Pont des Trois communes - Mairie de Neuilly-sur-Marne","robots":{"index":"index","follow":"follow","max-snippet":"max-snippet:-1","max-image-preview":"max-image-preview:large","max-video-preview":"max-video-preview:-1"},"canonical":"https:\/\/www.neuillysurmarne.fr\/nl\/renovation-du-carrefour-a-feux-du-pont-des-trois-communes\/","og_locale":"nl_NL","og_type":"article","og_title":"R\u00e9novation du carrefour \u00e0 feux du Pont des Trois communes - Mairie de Neuilly-sur-Marne","og_description":"Depuis le 3 juin, le D\u00e9partement de la Seine-Saint-Denis et la ville de Neuilly-sur-Marne ont engag\u00e9 d\u2019importants travaux au niveau du carrefour \u00e0 feux du Pont des Trois communes. Le chantier va durer environ deux mois, pour offrir davantage de s\u00e9curit\u00e9 aux usagers.\u00a0 L\u2019\u00e9quipement d\u2019un carrefour avec une signalisation lumineuse tricolore a pour objectif de [&hellip;]","og_url":"https:\/\/www.neuillysurmarne.fr\/nl\/renovation-du-carrefour-a-feux-du-pont-des-trois-communes\/","og_site_name":"Mairie de Neuilly-sur-Marne","article_publisher":"https:\/\/www.facebook.com\/ville.neuilly","article_published_time":"2024-06-10T18:50:08+00:00","article_modified_time":"2024-07-04T18:53:18+00:00","og_image":[{"width":2560,"height":1707,"url":"https:\/\/www.neuillysurmarne.fr\/wp-content\/uploads\/2024\/07\/Visite-M.Troussel-SSD-12.2022-19-scaled.jpg","type":"image\/jpeg"}],"author":"Laurie","twitter_card":"summary_large_image","twitter_misc":{"Geschreven door":"Laurie","Geschatte leestijd":"3 minuten"},"schema":{"@context":"https:\/\/schema.org","@graph":[{"@type":"Article","@id":"https:\/\/www.neuillysurmarne.fr\/renovation-du-carrefour-a-feux-du-pont-des-trois-communes\/#article","isPartOf":{"@id":"https:\/\/www.neuillysurmarne.fr\/renovation-du-carrefour-a-feux-du-pont-des-trois-communes\/"},"author":{"name":"Laurie","@id":"https:\/\/www.neuillysurmarne.fr\/es\/#\/schema\/person\/fc97a7b233f3533476c0f151a054a9d1"},"headline":"R\u00e9novation du carrefour \u00e0 feux du Pont des Trois communes","datePublished":"2024-06-10T18:50:08+00:00","dateModified":"2024-07-04T18:53:18+00:00","mainEntityOfPage":{"@id":"https:\/\/www.neuillysurmarne.fr\/renovation-du-carrefour-a-feux-du-pont-des-trois-communes\/"},"wordCount":412,"publisher":{"@id":"https:\/\/www.neuillysurmarne.fr\/es\/#organization"},"image":{"@id":"https:\/\/www.neuillysurmarne.fr\/renovation-du-carrefour-a-feux-du-pont-des-trois-communes\/#primaryimage"},"thumbnailUrl":"https:\/\/www.neuillysurmarne.fr\/wp-content\/uploads\/2024\/07\/Visite-M.Troussel-SSD-12.2022-19-scaled.jpg","articleSection":["Actualit\u00e9"],"inLanguage":"nl-NL"},{"@type":"WebPage","@id":"https:\/\/www.neuillysurmarne.fr\/renovation-du-carrefour-a-feux-du-pont-des-trois-communes\/","url":"https:\/\/www.neuillysurmarne.fr\/renovation-du-carrefour-a-feux-du-pont-des-trois-communes\/","name":"R\u00e9novation du carrefour \u00e0 feux du Pont des Trois communes - Mairie de Neuilly-sur-Marne","isPartOf":{"@id":"https:\/\/www.neuillysurmarne.fr\/es\/#website"},"primaryImageOfPage":{"@id":"https:\/\/www.neuillysurmarne.fr\/renovation-du-carrefour-a-feux-du-pont-des-trois-communes\/#primaryimage"},"image":{"@id":"https:\/\/www.neuillysurmarne.fr\/renovation-du-carrefour-a-feux-du-pont-des-trois-communes\/#primaryimage"},"thumbnailUrl":"https:\/\/www.neuillysurmarne.fr\/wp-content\/uploads\/2024\/07\/Visite-M.Troussel-SSD-12.2022-19-scaled.jpg","datePublished":"2024-06-10T18:50:08+00:00","dateModified":"2024-07-04T18:53:18+00:00","breadcrumb":{"@id":"https:\/\/www.neuillysurmarne.fr\/renovation-du-carrefour-a-feux-du-pont-des-trois-communes\/#breadcrumb"},"inLanguage":"nl-NL","potentialAction":[{"@type":"ReadAction","target":["https:\/\/www.neuillysurmarne.fr\/renovation-du-carrefour-a-feux-du-pont-des-trois-communes\/"]}]},{"@type":"ImageObject","inLanguage":"nl-NL","@id":"https:\/\/www.neuillysurmarne.fr\/renovation-du-carrefour-a-feux-du-pont-des-trois-communes\/#primaryimage","url":"https:\/\/www.neuillysurmarne.fr\/wp-content\/uploads\/2024\/07\/Visite-M.Troussel-SSD-12.2022-19-scaled.jpg","contentUrl":"https:\/\/www.neuillysurmarne.fr\/wp-content\/uploads\/2024\/07\/Visite-M.Troussel-SSD-12.2022-19-scaled.jpg","width":2560,"height":1707},{"@type":"BreadcrumbList","@id":"https:\/\/www.neuillysurmarne.fr\/renovation-du-carrefour-a-feux-du-pont-des-trois-communes\/#breadcrumb","itemListElement":[{"@type":"ListItem","position":1,"name":"Accueil","item":"https:\/\/www.neuillysurmarne.fr\/"},{"@type":"ListItem","position":2,"name":"R\u00e9novation du carrefour \u00e0 feux du Pont des Trois communes"}]},{"@type":"WebSite","@id":"https:\/\/www.neuillysurmarne.fr\/es\/#website","url":"https:\/\/www.neuillysurmarne.fr\/es\/","name":"Stadhuis van Neuilly-sur-Marne","description":"BETA","publisher":{"@id":"https:\/\/www.neuillysurmarne.fr\/es\/#organization"},"potentialAction":[{"@type":"SearchAction","target":{"@type":"EntryPoint","urlTemplate":"https:\/\/www.neuillysurmarne.fr\/es\/?s={search_term_string}"},"query-input":{"@type":"PropertyValueSpecification","valueRequired":true,"valueName":"search_term_string"}}],"inLanguage":"nl-NL"},{"@type":"Organization","@id":"https:\/\/www.neuillysurmarne.fr\/es\/#organization","name":"Stadhuis van Neuilly-sur-Marne","url":"https:\/\/www.neuillysurmarne.fr\/es\/","logo":{"@type":"ImageObject","inLanguage":"nl-NL","@id":"https:\/\/www.neuillysurmarne.fr\/es\/#\/schema\/logo\/image\/","url":"https:\/\/www.neuillysurmarne.fr\/wp-content\/uploads\/2023\/10\/LOGO-NeuillysurMarne-blanc.png","contentUrl":"https:\/\/www.neuillysurmarne.fr\/wp-content\/uploads\/2023\/10\/LOGO-NeuillysurMarne-blanc.png","width":3308,"height":2586,"caption":"Mairie de Neuilly-sur-Marne"},"image":{"@id":"https:\/\/www.neuillysurmarne.fr\/es\/#\/schema\/logo\/image\/"},"sameAs":["https:\/\/www.facebook.com\/ville.neuilly","https:\/\/www.instagram.com\/neuilly_marne\/","https:\/\/www.linkedin.com\/company\/ville-de-neuilly-sur-marne\/","https:\/\/www.youtube.com\/channel\/UCDdZ0TLrV8rfIqjBGvoeB5A","https:\/\/www.tiktok.com\/@villedeneuillysurmarne"]},{"@type":"Person","@id":"https:\/\/www.neuillysurmarne.fr\/es\/#\/schema\/person\/fc97a7b233f3533476c0f151a054a9d1","name":"Laurie","image":{"@type":"ImageObject","inLanguage":"nl-NL","@id":"https:\/\/secure.gravatar.com\/avatar\/aed93f491b5b494ae0db0f36fde403661e12c84c81b737368b3df13d30768a94?s=96&d=mm&r=g","url":"https:\/\/secure.gravatar.com\/avatar\/aed93f491b5b494ae0db0f36fde403661e12c84c81b737368b3df13d30768a94?s=96&d=mm&r=g","contentUrl":"https:\/\/secure.gravatar.com\/avatar\/aed93f491b5b494ae0db0f36fde403661e12c84c81b737368b3df13d30768a94?s=96&d=mm&r=g","caption":"Laurie"},"url":"https:\/\/www.neuillysurmarne.fr\/nl\/author\/laurie\/"}]}},"_links":{"self":[{"href":"https:\/\/www.neuillysurmarne.fr\/nl\/wp-json\/wp\/v2\/posts\/11807","targetHints":{"allow":["GET"]}}],"collection":[{"href":"https:\/\/www.neuillysurmarne.fr\/nl\/wp-json\/wp\/v2\/posts"}],"about":[{"href":"https:\/\/www.neuillysurmarne.fr\/nl\/wp-json\/wp\/v2\/types\/post"}],"author":[{"embeddable":true,"href":"https:\/\/www.neuillysurmarne.fr\/nl\/wp-json\/wp\/v2\/users\/2"}],"replies":[{"embeddable":true,"href":"https:\/\/www.neuillysurmarne.fr\/nl\/wp-json\/wp\/v2\/comments?post=11807"}],"version-history":[{"count":1,"href":"https:\/\/www.neuillysurmarne.fr\/nl\/wp-json\/wp\/v2\/posts\/11807\/revisions"}],"predecessor-version":[{"id":11809,"href":"https:\/\/www.neuillysurmarne.fr\/nl\/wp-json\/wp\/v2\/posts\/11807\/revisions\/11809"}],"wp:featuredmedia":[{"embeddable":true,"href":"https:\/\/www.neuillysurmarne.fr\/nl\/wp-json\/wp\/v2\/media\/11808"}],"wp:attachment":[{"href":"https:\/\/www.neuillysurmarne.fr\/nl\/wp-json\/wp\/v2\/media?parent=11807"}],"wp:term":[{"taxonomy":"category","embeddable":true,"href":"https:\/\/www.neuillysurmarne.fr\/nl\/wp-json\/wp\/v2\/categories?post=11807"},{"taxonomy":"post_tag","embeddable":true,"href":"https:\/\/www.neuillysurmarne.fr\/nl\/wp-json\/wp\/v2\/tags?post=11807"}],"curies":[{"name":"wp","href":"https:\/\/api.w.org\/{rel}","templated":true}]}}