{"id":17946,"date":"2026-04-16T14:19:21","date_gmt":"2026-04-16T12:19:21","guid":{"rendered":"https:\/\/www.neuillysurmarne.fr\/?p=17946"},"modified":"2026-04-16T14:19:21","modified_gmt":"2026-04-16T12:19:21","slug":"consultez-le-planning-des-food-trucks-presents-a-neuilly","status":"publish","type":"post","link":"https:\/\/www.neuillysurmarne.fr\/ru\/consultez-le-planning-des-food-trucks-presents-a-neuilly\/","title":{"rendered":"Consultez le planning des food trucks pr\u00e9sents \u00e0 Neuilly !"},"content":{"rendered":"<p>Du lundi au dimanche, de 8h \u00e0 22h30, Neuilly accueille une rotation de <strong>food trucks r\u00e9partis sur plusieurs sites de la ville<\/strong>.<\/p>\n<p>\u00c0 l\u2019entr\u00e9e du parc des 33 hectares, \u00e0 Maison Blanche, sur la place des 24 Arpents ou encore \u00e0 l\u2019Aqualudik, ces stands mobiles proposent une offre vari\u00e9e pour satisfaire tous les app\u00e9tits : pizzas, burgers, cr\u00eapes, gaufres ou encore hot-dogs.<\/p>\n<p><a href=\"https:\/\/www.neuillysurmarne.fr\/wp-content\/uploads\/2026\/04\/PLANNING-2026-FOODTRUCK.png\"><img fetchpriority=\"high\" decoding=\"async\" class=\"aligncenter wp-image-17942 size-large\" src=\"https:\/\/www.neuillysurmarne.fr\/wp-content\/uploads\/2026\/04\/PLANNING-2026-FOODTRUCK-1024x724.png\" alt=\"\" width=\"800\" height=\"566\" srcset=\"https:\/\/www.neuillysurmarne.fr\/wp-content\/uploads\/2026\/04\/PLANNING-2026-FOODTRUCK-1024x724.png 1024w, https:\/\/www.neuillysurmarne.fr\/wp-content\/uploads\/2026\/04\/PLANNING-2026-FOODTRUCK-300x212.png 300w, https:\/\/www.neuillysurmarne.fr\/wp-content\/uploads\/2026\/04\/PLANNING-2026-FOODTRUCK-768x543.png 768w, https:\/\/www.neuillysurmarne.fr\/wp-content\/uploads\/2026\/04\/PLANNING-2026-FOODTRUCK-1536x1086.png 1536w, https:\/\/www.neuillysurmarne.fr\/wp-content\/uploads\/2026\/04\/PLANNING-2026-FOODTRUCK-2048x1448.png 2048w, https:\/\/www.neuillysurmarne.fr\/wp-content\/uploads\/2026\/04\/PLANNING-2026-FOODTRUCK-18x12.png 18w\" sizes=\"(max-width: 800px) 100vw, 800px\" \/><\/a><\/p>","protected":false},"excerpt":{"rendered":"<p>Du lundi au dimanche, de 8h \u00e0 22h30, Neuilly accueille une rotation de food trucks r\u00e9partis sur plusieurs sites de la ville. \u00c0 l\u2019entr\u00e9e du parc des 33 hectares, \u00e0 Maison Blanche, sur la place des 24 Arpents ou encore \u00e0 l\u2019Aqualudik, ces stands mobiles proposent une offre vari\u00e9e pour satisfaire tous les app\u00e9tits : [&hellip;]<\/p>\n","protected":false},"author":2,"featured_media":17947,"comment_status":"closed","ping_status":"closed","sticky":false,"template":"","format":"standard","meta":{"_acf_changed":false,"footnotes":""},"categories":[242],"tags":[],"class_list":["post-17946","post","type-post","status-publish","format-standard","has-post-thumbnail","hentry","category-actualite"],"acf":[],"yoast_head":"<!-- This site is optimized with the Yoast SEO plugin v27.4 - https:\/\/yoast.com\/product\/yoast-seo-wordpress\/ -->\n<title>Consultez le planning des food trucks pr\u00e9sents \u00e0 Neuilly ! - Mairie de Neuilly-sur-Marne<\/title>\n<meta name=\"robots\" content=\"index, follow, max-snippet:-1, max-image-preview:large, max-video-preview:-1\" \/>\n<link rel=\"canonical\" href=\"https:\/\/www.neuillysurmarne.fr\/ru\/consultez-le-planning-des-food-trucks-presents-a-neuilly\/\" \/>\n<meta property=\"og:locale\" content=\"ru_RU\" \/>\n<meta property=\"og:type\" content=\"article\" \/>\n<meta property=\"og:title\" content=\"Consultez le planning des food trucks pr\u00e9sents \u00e0 Neuilly ! - Mairie de Neuilly-sur-Marne\" \/>\n<meta property=\"og:description\" content=\"Du lundi au dimanche, de 8h \u00e0 22h30, Neuilly accueille une rotation de food trucks r\u00e9partis sur plusieurs sites de la ville. \u00c0 l\u2019entr\u00e9e du parc des 33 hectares, \u00e0 Maison Blanche, sur la place des 24 Arpents ou encore \u00e0 l\u2019Aqualudik, ces stands mobiles proposent une offre vari\u00e9e pour satisfaire tous les app\u00e9tits : [&hellip;]\" \/>\n<meta property=\"og:url\" content=\"https:\/\/www.neuillysurmarne.fr\/ru\/consultez-le-planning-des-food-trucks-presents-a-neuilly\/\" \/>\n<meta property=\"og:site_name\" content=\"Mairie de Neuilly-sur-Marne\" \/>\n<meta property=\"article:publisher\" content=\"https:\/\/www.facebook.com\/ville.neuilly\" \/>\n<meta property=\"article:published_time\" content=\"2026-04-16T12:19:21+00:00\" \/>\n<meta property=\"og:image\" content=\"https:\/\/www.neuillysurmarne.fr\/wp-content\/uploads\/2026\/04\/Nuit-des-etoiles-08.2022-scaled.jpg\" \/>\n\t<meta property=\"og:image:width\" content=\"2560\" \/>\n\t<meta property=\"og:image:height\" content=\"1707\" \/>\n\t<meta property=\"og:image:type\" content=\"image\/jpeg\" \/>\n<meta name=\"author\" content=\"Laurie\" \/>\n<meta name=\"twitter:card\" content=\"summary_large_image\" \/>\n<meta name=\"twitter:label1\" content=\"\u041d\u0430\u043f\u0438\u0441\u0430\u043d\u043e \u0430\u0432\u0442\u043e\u0440\u043e\u043c\" \/>\n\t<meta name=\"twitter:data1\" content=\"Laurie\" \/>\n\t<meta name=\"twitter:label2\" content=\"\u041f\u0440\u0438\u043c\u0435\u0440\u043d\u043e\u0435 \u0432\u0440\u0435\u043c\u044f \u0434\u043b\u044f \u0447\u0442\u0435\u043d\u0438\u044f\" \/>\n\t<meta name=\"twitter:data2\" content=\"1 \u043c\u0438\u043d\u0443\u0442\u0430\" \/>\n<script type=\"application\/ld+json\" class=\"yoast-schema-graph\">{\"@context\":\"https:\\\/\\\/schema.org\",\"@graph\":[{\"@type\":\"Article\",\"@id\":\"https:\\\/\\\/www.neuillysurmarne.fr\\\/consultez-le-planning-des-food-trucks-presents-a-neuilly\\\/#article\",\"isPartOf\":{\"@id\":\"https:\\\/\\\/www.neuillysurmarne.fr\\\/consultez-le-planning-des-food-trucks-presents-a-neuilly\\\/\"},\"author\":{\"name\":\"Laurie\",\"@id\":\"https:\\\/\\\/www.neuillysurmarne.fr\\\/es\\\/#\\\/schema\\\/person\\\/fc97a7b233f3533476c0f151a054a9d1\"},\"headline\":\"Consultez le planning des food trucks pr\u00e9sents \u00e0 Neuilly !\",\"datePublished\":\"2026-04-16T12:19:21+00:00\",\"mainEntityOfPage\":{\"@id\":\"https:\\\/\\\/www.neuillysurmarne.fr\\\/consultez-le-planning-des-food-trucks-presents-a-neuilly\\\/\"},\"wordCount\":71,\"publisher\":{\"@id\":\"https:\\\/\\\/www.neuillysurmarne.fr\\\/es\\\/#organization\"},\"image\":{\"@id\":\"https:\\\/\\\/www.neuillysurmarne.fr\\\/consultez-le-planning-des-food-trucks-presents-a-neuilly\\\/#primaryimage\"},\"thumbnailUrl\":\"https:\\\/\\\/www.neuillysurmarne.fr\\\/wp-content\\\/uploads\\\/2026\\\/04\\\/Nuit-des-etoiles-08.2022-scaled.jpg\",\"articleSection\":[\"Actualit\u00e9\"],\"inLanguage\":\"ru-RU\"},{\"@type\":\"WebPage\",\"@id\":\"https:\\\/\\\/www.neuillysurmarne.fr\\\/consultez-le-planning-des-food-trucks-presents-a-neuilly\\\/\",\"url\":\"https:\\\/\\\/www.neuillysurmarne.fr\\\/consultez-le-planning-des-food-trucks-presents-a-neuilly\\\/\",\"name\":\"Consultez le planning des food trucks pr\u00e9sents \u00e0 Neuilly ! - Mairie de Neuilly-sur-Marne\",\"isPartOf\":{\"@id\":\"https:\\\/\\\/www.neuillysurmarne.fr\\\/es\\\/#website\"},\"primaryImageOfPage\":{\"@id\":\"https:\\\/\\\/www.neuillysurmarne.fr\\\/consultez-le-planning-des-food-trucks-presents-a-neuilly\\\/#primaryimage\"},\"image\":{\"@id\":\"https:\\\/\\\/www.neuillysurmarne.fr\\\/consultez-le-planning-des-food-trucks-presents-a-neuilly\\\/#primaryimage\"},\"thumbnailUrl\":\"https:\\\/\\\/www.neuillysurmarne.fr\\\/wp-content\\\/uploads\\\/2026\\\/04\\\/Nuit-des-etoiles-08.2022-scaled.jpg\",\"datePublished\":\"2026-04-16T12:19:21+00:00\",\"breadcrumb\":{\"@id\":\"https:\\\/\\\/www.neuillysurmarne.fr\\\/consultez-le-planning-des-food-trucks-presents-a-neuilly\\\/#breadcrumb\"},\"inLanguage\":\"ru-RU\",\"potentialAction\":[{\"@type\":\"ReadAction\",\"target\":[\"https:\\\/\\\/www.neuillysurmarne.fr\\\/consultez-le-planning-des-food-trucks-presents-a-neuilly\\\/\"]}]},{\"@type\":\"ImageObject\",\"inLanguage\":\"ru-RU\",\"@id\":\"https:\\\/\\\/www.neuillysurmarne.fr\\\/consultez-le-planning-des-food-trucks-presents-a-neuilly\\\/#primaryimage\",\"url\":\"https:\\\/\\\/www.neuillysurmarne.fr\\\/wp-content\\\/uploads\\\/2026\\\/04\\\/Nuit-des-etoiles-08.2022-scaled.jpg\",\"contentUrl\":\"https:\\\/\\\/www.neuillysurmarne.fr\\\/wp-content\\\/uploads\\\/2026\\\/04\\\/Nuit-des-etoiles-08.2022-scaled.jpg\",\"width\":2560,\"height\":1707},{\"@type\":\"BreadcrumbList\",\"@id\":\"https:\\\/\\\/www.neuillysurmarne.fr\\\/consultez-le-planning-des-food-trucks-presents-a-neuilly\\\/#breadcrumb\",\"itemListElement\":[{\"@type\":\"ListItem\",\"position\":1,\"name\":\"Accueil\",\"item\":\"https:\\\/\\\/www.neuillysurmarne.fr\\\/\"},{\"@type\":\"ListItem\",\"position\":2,\"name\":\"Consultez le planning des food trucks pr\u00e9sents \u00e0 Neuilly !\"}]},{\"@type\":\"WebSite\",\"@id\":\"https:\\\/\\\/www.neuillysurmarne.fr\\\/es\\\/#website\",\"url\":\"https:\\\/\\\/www.neuillysurmarne.fr\\\/es\\\/\",\"name\":\"Mairie de Neuilly-sur-Marne\",\"description\":\"BETA\",\"publisher\":{\"@id\":\"https:\\\/\\\/www.neuillysurmarne.fr\\\/es\\\/#organization\"},\"potentialAction\":[{\"@type\":\"SearchAction\",\"target\":{\"@type\":\"EntryPoint\",\"urlTemplate\":\"https:\\\/\\\/www.neuillysurmarne.fr\\\/es\\\/?s={search_term_string}\"},\"query-input\":{\"@type\":\"PropertyValueSpecification\",\"valueRequired\":true,\"valueName\":\"search_term_string\"}}],\"inLanguage\":\"ru-RU\"},{\"@type\":\"Organization\",\"@id\":\"https:\\\/\\\/www.neuillysurmarne.fr\\\/es\\\/#organization\",\"name\":\"Mairie de Neuilly-sur-Marne\",\"url\":\"https:\\\/\\\/www.neuillysurmarne.fr\\\/es\\\/\",\"logo\":{\"@type\":\"ImageObject\",\"inLanguage\":\"ru-RU\",\"@id\":\"https:\\\/\\\/www.neuillysurmarne.fr\\\/es\\\/#\\\/schema\\\/logo\\\/image\\\/\",\"url\":\"https:\\\/\\\/www.neuillysurmarne.fr\\\/wp-content\\\/uploads\\\/2023\\\/10\\\/LOGO-NeuillysurMarne-blanc.png\",\"contentUrl\":\"https:\\\/\\\/www.neuillysurmarne.fr\\\/wp-content\\\/uploads\\\/2023\\\/10\\\/LOGO-NeuillysurMarne-blanc.png\",\"width\":3308,\"height\":2586,\"caption\":\"Mairie de Neuilly-sur-Marne\"},\"image\":{\"@id\":\"https:\\\/\\\/www.neuillysurmarne.fr\\\/es\\\/#\\\/schema\\\/logo\\\/image\\\/\"},\"sameAs\":[\"https:\\\/\\\/www.facebook.com\\\/ville.neuilly\",\"https:\\\/\\\/www.instagram.com\\\/neuilly_marne\\\/\",\"https:\\\/\\\/www.linkedin.com\\\/company\\\/ville-de-neuilly-sur-marne\\\/\",\"https:\\\/\\\/www.youtube.com\\\/channel\\\/UCDdZ0TLrV8rfIqjBGvoeB5A\",\"https:\\\/\\\/www.tiktok.com\\\/@villedeneuillysurmarne\"]},{\"@type\":\"Person\",\"@id\":\"https:\\\/\\\/www.neuillysurmarne.fr\\\/es\\\/#\\\/schema\\\/person\\\/fc97a7b233f3533476c0f151a054a9d1\",\"name\":\"Laurie\",\"image\":{\"@type\":\"ImageObject\",\"inLanguage\":\"ru-RU\",\"@id\":\"https:\\\/\\\/secure.gravatar.com\\\/avatar\\\/aed93f491b5b494ae0db0f36fde403661e12c84c81b737368b3df13d30768a94?s=96&d=mm&r=g\",\"url\":\"https:\\\/\\\/secure.gravatar.com\\\/avatar\\\/aed93f491b5b494ae0db0f36fde403661e12c84c81b737368b3df13d30768a94?s=96&d=mm&r=g\",\"contentUrl\":\"https:\\\/\\\/secure.gravatar.com\\\/avatar\\\/aed93f491b5b494ae0db0f36fde403661e12c84c81b737368b3df13d30768a94?s=96&d=mm&r=g\",\"caption\":\"Laurie\"},\"url\":\"https:\\\/\\\/www.neuillysurmarne.fr\\\/ru\\\/author\\\/laurie\\\/\"}]}<\/script>\n<!-- \/ Yoast SEO plugin. -->","yoast_head_json":{"title":"Consultez le planning des food trucks pr\u00e9sents \u00e0 Neuilly ! - Mairie de Neuilly-sur-Marne","robots":{"index":"index","follow":"follow","max-snippet":"max-snippet:-1","max-image-preview":"max-image-preview:large","max-video-preview":"max-video-preview:-1"},"canonical":"https:\/\/www.neuillysurmarne.fr\/ru\/consultez-le-planning-des-food-trucks-presents-a-neuilly\/","og_locale":"ru_RU","og_type":"article","og_title":"Consultez le planning des food trucks pr\u00e9sents \u00e0 Neuilly ! - Mairie de Neuilly-sur-Marne","og_description":"Du lundi au dimanche, de 8h \u00e0 22h30, Neuilly accueille une rotation de food trucks r\u00e9partis sur plusieurs sites de la ville. \u00c0 l\u2019entr\u00e9e du parc des 33 hectares, \u00e0 Maison Blanche, sur la place des 24 Arpents ou encore \u00e0 l\u2019Aqualudik, ces stands mobiles proposent une offre vari\u00e9e pour satisfaire tous les app\u00e9tits : [&hellip;]","og_url":"https:\/\/www.neuillysurmarne.fr\/ru\/consultez-le-planning-des-food-trucks-presents-a-neuilly\/","og_site_name":"Mairie de Neuilly-sur-Marne","article_publisher":"https:\/\/www.facebook.com\/ville.neuilly","article_published_time":"2026-04-16T12:19:21+00:00","og_image":[{"width":2560,"height":1707,"url":"https:\/\/www.neuillysurmarne.fr\/wp-content\/uploads\/2026\/04\/Nuit-des-etoiles-08.2022-scaled.jpg","type":"image\/jpeg"}],"author":"Laurie","twitter_card":"summary_large_image","twitter_misc":{"\u041d\u0430\u043f\u0438\u0441\u0430\u043d\u043e \u0430\u0432\u0442\u043e\u0440\u043e\u043c":"Laurie","\u041f\u0440\u0438\u043c\u0435\u0440\u043d\u043e\u0435 \u0432\u0440\u0435\u043c\u044f \u0434\u043b\u044f \u0447\u0442\u0435\u043d\u0438\u044f":"1 \u043c\u0438\u043d\u0443\u0442\u0430"},"schema":{"@context":"https:\/\/schema.org","@graph":[{"@type":"Article","@id":"https:\/\/www.neuillysurmarne.fr\/consultez-le-planning-des-food-trucks-presents-a-neuilly\/#article","isPartOf":{"@id":"https:\/\/www.neuillysurmarne.fr\/consultez-le-planning-des-food-trucks-presents-a-neuilly\/"},"author":{"name":"Laurie","@id":"https:\/\/www.neuillysurmarne.fr\/es\/#\/schema\/person\/fc97a7b233f3533476c0f151a054a9d1"},"headline":"Consultez le planning des food trucks pr\u00e9sents \u00e0 Neuilly !","datePublished":"2026-04-16T12:19:21+00:00","mainEntityOfPage":{"@id":"https:\/\/www.neuillysurmarne.fr\/consultez-le-planning-des-food-trucks-presents-a-neuilly\/"},"wordCount":71,"publisher":{"@id":"https:\/\/www.neuillysurmarne.fr\/es\/#organization"},"image":{"@id":"https:\/\/www.neuillysurmarne.fr\/consultez-le-planning-des-food-trucks-presents-a-neuilly\/#primaryimage"},"thumbnailUrl":"https:\/\/www.neuillysurmarne.fr\/wp-content\/uploads\/2026\/04\/Nuit-des-etoiles-08.2022-scaled.jpg","articleSection":["Actualit\u00e9"],"inLanguage":"ru-RU"},{"@type":"WebPage","@id":"https:\/\/www.neuillysurmarne.fr\/consultez-le-planning-des-food-trucks-presents-a-neuilly\/","url":"https:\/\/www.neuillysurmarne.fr\/consultez-le-planning-des-food-trucks-presents-a-neuilly\/","name":"Consultez le planning des food trucks pr\u00e9sents \u00e0 Neuilly ! - Mairie de Neuilly-sur-Marne","isPartOf":{"@id":"https:\/\/www.neuillysurmarne.fr\/es\/#website"},"primaryImageOfPage":{"@id":"https:\/\/www.neuillysurmarne.fr\/consultez-le-planning-des-food-trucks-presents-a-neuilly\/#primaryimage"},"image":{"@id":"https:\/\/www.neuillysurmarne.fr\/consultez-le-planning-des-food-trucks-presents-a-neuilly\/#primaryimage"},"thumbnailUrl":"https:\/\/www.neuillysurmarne.fr\/wp-content\/uploads\/2026\/04\/Nuit-des-etoiles-08.2022-scaled.jpg","datePublished":"2026-04-16T12:19:21+00:00","breadcrumb":{"@id":"https:\/\/www.neuillysurmarne.fr\/consultez-le-planning-des-food-trucks-presents-a-neuilly\/#breadcrumb"},"inLanguage":"ru-RU","potentialAction":[{"@type":"ReadAction","target":["https:\/\/www.neuillysurmarne.fr\/consultez-le-planning-des-food-trucks-presents-a-neuilly\/"]}]},{"@type":"ImageObject","inLanguage":"ru-RU","@id":"https:\/\/www.neuillysurmarne.fr\/consultez-le-planning-des-food-trucks-presents-a-neuilly\/#primaryimage","url":"https:\/\/www.neuillysurmarne.fr\/wp-content\/uploads\/2026\/04\/Nuit-des-etoiles-08.2022-scaled.jpg","contentUrl":"https:\/\/www.neuillysurmarne.fr\/wp-content\/uploads\/2026\/04\/Nuit-des-etoiles-08.2022-scaled.jpg","width":2560,"height":1707},{"@type":"BreadcrumbList","@id":"https:\/\/www.neuillysurmarne.fr\/consultez-le-planning-des-food-trucks-presents-a-neuilly\/#breadcrumb","itemListElement":[{"@type":"ListItem","position":1,"name":"Accueil","item":"https:\/\/www.neuillysurmarne.fr\/"},{"@type":"ListItem","position":2,"name":"Consultez le planning des food trucks pr\u00e9sents \u00e0 Neuilly !"}]},{"@type":"WebSite","@id":"https:\/\/www.neuillysurmarne.fr\/es\/#website","url":"https:\/\/www.neuillysurmarne.fr\/es\/","name":"\u0420\u0430\u0442\u0443\u0448\u0430 \u041d\u0435\u0439\u0438-\u0441\u044e\u0440-\u041c\u0430\u0440\u043d","description":"\u0411\u0415\u0422\u0410","publisher":{"@id":"https:\/\/www.neuillysurmarne.fr\/es\/#organization"},"potentialAction":[{"@type":"SearchAction","target":{"@type":"EntryPoint","urlTemplate":"https:\/\/www.neuillysurmarne.fr\/es\/?s={search_term_string}"},"query-input":{"@type":"PropertyValueSpecification","valueRequired":true,"valueName":"search_term_string"}}],"inLanguage":"ru-RU"},{"@type":"Organization","@id":"https:\/\/www.neuillysurmarne.fr\/es\/#organization","name":"\u0420\u0430\u0442\u0443\u0448\u0430 \u041d\u0435\u0439\u0438-\u0441\u044e\u0440-\u041c\u0430\u0440\u043d","url":"https:\/\/www.neuillysurmarne.fr\/es\/","logo":{"@type":"ImageObject","inLanguage":"ru-RU","@id":"https:\/\/www.neuillysurmarne.fr\/es\/#\/schema\/logo\/image\/","url":"https:\/\/www.neuillysurmarne.fr\/wp-content\/uploads\/2023\/10\/LOGO-NeuillysurMarne-blanc.png","contentUrl":"https:\/\/www.neuillysurmarne.fr\/wp-content\/uploads\/2023\/10\/LOGO-NeuillysurMarne-blanc.png","width":3308,"height":2586,"caption":"Mairie de Neuilly-sur-Marne"},"image":{"@id":"https:\/\/www.neuillysurmarne.fr\/es\/#\/schema\/logo\/image\/"},"sameAs":["https:\/\/www.facebook.com\/ville.neuilly","https:\/\/www.instagram.com\/neuilly_marne\/","https:\/\/www.linkedin.com\/company\/ville-de-neuilly-sur-marne\/","https:\/\/www.youtube.com\/channel\/UCDdZ0TLrV8rfIqjBGvoeB5A","https:\/\/www.tiktok.com\/@villedeneuillysurmarne"]},{"@type":"Person","@id":"https:\/\/www.neuillysurmarne.fr\/es\/#\/schema\/person\/fc97a7b233f3533476c0f151a054a9d1","name":"Laurie","image":{"@type":"ImageObject","inLanguage":"ru-RU","@id":"https:\/\/secure.gravatar.com\/avatar\/aed93f491b5b494ae0db0f36fde403661e12c84c81b737368b3df13d30768a94?s=96&d=mm&r=g","url":"https:\/\/secure.gravatar.com\/avatar\/aed93f491b5b494ae0db0f36fde403661e12c84c81b737368b3df13d30768a94?s=96&d=mm&r=g","contentUrl":"https:\/\/secure.gravatar.com\/avatar\/aed93f491b5b494ae0db0f36fde403661e12c84c81b737368b3df13d30768a94?s=96&d=mm&r=g","caption":"Laurie"},"url":"https:\/\/www.neuillysurmarne.fr\/ru\/author\/laurie\/"}]}},"_links":{"self":[{"href":"https:\/\/www.neuillysurmarne.fr\/ru\/wp-json\/wp\/v2\/posts\/17946","targetHints":{"allow":["GET"]}}],"collection":[{"href":"https:\/\/www.neuillysurmarne.fr\/ru\/wp-json\/wp\/v2\/posts"}],"about":[{"href":"https:\/\/www.neuillysurmarne.fr\/ru\/wp-json\/wp\/v2\/types\/post"}],"author":[{"embeddable":true,"href":"https:\/\/www.neuillysurmarne.fr\/ru\/wp-json\/wp\/v2\/users\/2"}],"replies":[{"embeddable":true,"href":"https:\/\/www.neuillysurmarne.fr\/ru\/wp-json\/wp\/v2\/comments?post=17946"}],"version-history":[{"count":1,"href":"https:\/\/www.neuillysurmarne.fr\/ru\/wp-json\/wp\/v2\/posts\/17946\/revisions"}],"predecessor-version":[{"id":17948,"href":"https:\/\/www.neuillysurmarne.fr\/ru\/wp-json\/wp\/v2\/posts\/17946\/revisions\/17948"}],"wp:featuredmedia":[{"embeddable":true,"href":"https:\/\/www.neuillysurmarne.fr\/ru\/wp-json\/wp\/v2\/media\/17947"}],"wp:attachment":[{"href":"https:\/\/www.neuillysurmarne.fr\/ru\/wp-json\/wp\/v2\/media?parent=17946"}],"wp:term":[{"taxonomy":"category","embeddable":true,"href":"https:\/\/www.neuillysurmarne.fr\/ru\/wp-json\/wp\/v2\/categories?post=17946"},{"taxonomy":"post_tag","embeddable":true,"href":"https:\/\/www.neuillysurmarne.fr\/ru\/wp-json\/wp\/v2\/tags?post=17946"}],"curies":[{"name":"wp","href":"https:\/\/api.w.org\/{rel}","templated":true}]}}